{"id":3254,"date":"2011-02-25T08:00:52","date_gmt":"2011-02-25T07:00:52","guid":{"rendered":"http:\/\/blog.option.culture.marrot.org\/?p=3254"},"modified":"2011-02-25T08:00:52","modified_gmt":"2011-02-25T07:00:52","slug":"groupe-de-recherche-sur-les-musees-et-le-patrimoine-grmp","status":"publish","type":"post","link":"https:\/\/www.option-culture.com\/?p=3254","title":{"rendered":"Groupe de recherche sur les mus\u00e9es et le patrimoine (GRMP)"},"content":{"rendered":"<p style=\"text-align: justify;\">Rassemblant depuis 1994 des chercheurs (doctorants \u00e0 l&rsquo;origine, puis docteurs et autres personnes int\u00e9ress\u00e9es par les activit\u00e9s du groupe, y compris des \u00ab\u00a0professionnels\u00a0\u00bb) travaillant sur des sujets relatifs aux mus\u00e9es et au patrimoine, ce groupe avait initialement pour objectif &#8211; par le moyen de discussions et d&rsquo;\u00e9changes d&rsquo;informations, puis de projets collectifs &#8211; de briser un double isolement.<\/p>\n<p style=\"text-align: justify;\">Dans sa discipline et sur le plan g\u00e9ographique (<a href=\"http:\/\/grouprecherchmusetpat.blogspot.com\/\">http:\/\/grouprecherchmusetpat.blogspot.com<\/a>).<\/p>\n<p style=\"text-align: justify;\">Le GRMP comprend \u00e0 pr\u00e9sent une cinquantaine de personnes int\u00e9ress\u00e9es par la d\u00e9marche, qui viennent de France et de pays \u00e9trangers.<\/p>\n<p style=\"text-align: justify;\">Les disciplines repr\u00e9sent\u00e9es sont nombreuses : mus\u00e9ologie, histoire, science politique, droit, \u00e9conomie, gestion, histoire de l&rsquo;art, sociologie, tourisme, arch\u00e9ologie, g\u00e9ographie, sciences de l\u2019information et de la communication\u2026<\/p>\n<p style=\"text-align: center;\"><a href=\"..\/wp-content\/uploads\/2011\/02\/GRMP.jpg\"><img loading=\"lazy\" decoding=\"async\" class=\"aligncenter\" title=\"GRMP\" src=\"..\/wp-content\/uploads\/2011\/02\/GRMP.jpg\" alt=\"\" width=\"205\" height=\"154\" \/><\/a><\/p>\n<p>Les caract\u00e9ristique de ce r\u00e9seau sont les suivantes :<\/p>\n<ol style=\"text-align: justify;\">\n<li>caract\u00e8re informel (non rattachement \u00e0 un laboratoire ou \u00e0 un centre de recherche) ; pluridisciplinarit\u00e9 (toutes les disciplines se penchant sur les questions int\u00e9ressant le groupe sont les bienvenues) ; large ouverture g\u00e9ographique (Paris et r\u00e9gions, France et international).<\/li>\n<li>Le champ couvert est principalement celui des mus\u00e9es et du patrimoine, mais le groupe accueille aussi des chercheurs travaillant sur des champs connexes (festivals, politiques culturelles, m\u00e9c\u00e9nat\u2026).<\/li>\n<li>Le GRMP continue \u00e0 accueillir de nouveaux \u00ab th\u00e9sards \u00bb ; quant aux professionnels, ils peuvent \u00eatre accueillis en fonction de l\u2019int\u00e9r\u00eat qu\u2019ils manifestent pour les probl\u00e9matiques de la recherche.<\/li>\n<li>Le groupe se r\u00e9unit trois \u00e0 quatre fois par an (le lieu n\u2019\u00e9tant pas n\u00e9cessairement parisien), \u00e9tant entendu qu\u2019il est fait appel autant que possible \u00e0 l\u2019Internet pour la facilitation des \u00e9changes.<\/li>\n<li style=\"text-align: justify;\">La qualit\u00e9 des travaux du groupe d\u00e9pend uniquement de l\u2019implication de ses membres, du fait de l\u2019absence de moyens de fonctionnement autres que la bonne volont\u00e9 de chacun.<\/li>\n<\/ol>\n<p style=\"text-align: justify;\">Apr\u00e8s les ouvrages collectifs \u00ab\u00a0<span style=\"color: #800000;\">Politique et mus\u00e9es<\/span>\u00a0\u00bb (<a href=\"http:\/\/bbf.enssib.fr\/consulter\/bbf-2003-01-0146-009\" target=\"_blank\">http:\/\/bbf.enssib.fr\/consulter\/bbf-2003-01-0146-009<\/a>) et \u00ab\u00a0<span style=\"color: #800000;\">Patrimoine et mondialisation<\/span>\u00a0\u00bb (<a href=\"http:\/\/www.dessinoriginal.com\/-references-art\/1789-patrimoine-et-mondialisation-9782296056503.html\" target=\"_blank\">http:\/\/www.dessinoriginal.com\/-references-art\/1789-patrimoine-et-mondialisation-9782296056503.html<\/a>), le GRMP s&rsquo;attache \u00e0 un nouveau projet consacr\u00e9 \u00e0 la notion de r\u00e9seau dans le secteur culturel.<\/p>\n<p><strong><span style=\"color: #800000;\">Contact <\/span><\/strong>: <a href=\"mailto:fabrice.thuriot@univ-reims.fr\">fabrice.thuriot@univ-reims.fr<\/a><\/p>\n","protected":false},"excerpt":{"rendered":"<p>Rassemblant depuis 1994 des chercheurs (doctorants \u00e0 l&rsquo;origine, puis docteurs et autres personnes int\u00e9ress\u00e9es par les activit\u00e9s du groupe, y compris des \u00ab\u00a0professionnels\u00a0\u00bb) travaillant sur des sujets relatifs aux mus\u00e9es et au patrimoine, ce groupe avait initialement pour objectif &#8211; par le moyen de discussions et d&rsquo;\u00e9changes d&rsquo;informations, puis de projets collectifs &#8211; de briser [&hellip;]<\/p>\n","protected":false},"author":2,"featured_media":0,"comment_status":"open","ping_status":"open","sticky":false,"template":"","format":"standard","meta":{"footnotes":""},"categories":[16,13,12,8],"tags":[],"class_list":["post-3254","post","type-post","status-publish","format-standard","hentry","category-musees","category-patrimoine","category-politique-culturelle","category-publications"],"_links":{"self":[{"href":"https:\/\/www.option-culture.com\/index.php?rest_route=\/wp\/v2\/posts\/3254","targetHints":{"allow":["GET"]}}],"collection":[{"href":"https:\/\/www.option-culture.com\/index.php?rest_route=\/wp\/v2\/posts"}],"about":[{"href":"https:\/\/www.option-culture.com\/index.php?rest_route=\/wp\/v2\/types\/post"}],"author":[{"embeddable":true,"href":"https:\/\/www.option-culture.com\/index.php?rest_route=\/wp\/v2\/users\/2"}],"replies":[{"embeddable":true,"href":"https:\/\/www.option-culture.com\/index.php?rest_route=%2Fwp%2Fv2%2Fcomments&post=3254"}],"version-history":[{"count":0,"href":"https:\/\/www.option-culture.com\/index.php?rest_route=\/wp\/v2\/posts\/3254\/revisions"}],"wp:attachment":[{"href":"https:\/\/www.option-culture.com\/index.php?rest_route=%2Fwp%2Fv2%2Fmedia&parent=3254"}],"wp:term":[{"taxonomy":"category","embeddable":true,"href":"https:\/\/www.option-culture.com\/index.php?rest_route=%2Fwp%2Fv2%2Fcategories&post=3254"},{"taxonomy":"post_tag","embeddable":true,"href":"https:\/\/www.option-culture.com\/index.php?rest_route=%2Fwp%2Fv2%2Ftags&post=3254"}],"curies":[{"name":"wp","href":"https:\/\/api.w.org\/{rel}","templated":true}]}}