{"id":313,"date":"2009-10-25T08:00:01","date_gmt":"2009-10-25T06:00:01","guid":{"rendered":"http:\/\/blog.option.culture.marrot.org\/?p=313"},"modified":"2009-10-25T08:00:01","modified_gmt":"2009-10-25T06:00:01","slug":"projet-et-demarche-strategique","status":"publish","type":"post","link":"https:\/\/www.option-culture.com\/?p=313","title":{"rendered":"Projet et d\u00e9marche strat\u00e9gique"},"content":{"rendered":"<p style=\"text-align: justify;\">Signalons la derni\u00e8re livraison de la Lettre de l&rsquo;OCIM (<a href=\"http:\/\/www.ocim.fr\/La-Lettre-de-l-OCIM-Sommaire-du,2256\">http:\/\/www.ocim.fr\/La-Lettre-de-l-OCIM-Sommaire-du,2256<\/a>) consacr\u00e9e \u00e0 la notion de projet dans les mus\u00e9es, abord\u00e9e \u00e0 travers plusieurs contributions de professionnels.<\/p>\n<p style=\"text-align: justify;\">Remarquons que les concepteurs de ce num\u00e9ro, Serge Chaumier et Marie Bachy, n&rsquo;utilisent pas le concept de \u00ab\u00a0strat\u00e9gie\u00a0\u00bb \u00e0\u00a0 propos des Projets scientifiques et culturels (PSC), ce qui\u00a0soul\u00e8ve des interrogations.<\/p>\n<p style=\"text-align: justify;\"><img loading=\"lazy\" decoding=\"async\" class=\"aligncenter\" title=\"OCIM 124\" src=\"http:\/\/blog.option.culture.marrot.org\/wp-content\/uploads\/2009\/09\/OCIM-124.jpg\" alt=\"OCIM 124\" width=\"120\" height=\"166\" \/><\/p>\n<p style=\"text-align: justify;\">Y aurait-il donc une telle c\u00e9sure entre la d\u00e9marche de projet et la logique strat\u00e9gique ?<\/p>\n<p style=\"text-align: justify;\">Le mot lui-m\u00eame fait-il peur dans le monde de la culture, dans la mesure o\u00f9 il serait par trop li\u00e9 aux sciences de la gestion ?<\/p>\n<p style=\"text-align: justify;\">Il semble pourtant que le concept de strat\u00e9gie puisse constituer un bon outil \u00e0 la disposition des acteurs culturels pour provoquer l&rsquo;adh\u00e9sion des tutelles, des\u00a0partenaires\u00a0et des parties prenantes \u00e0 leurs projets de d\u00e9veloppement.<\/p>\n<p style=\"text-align: justify;\">Voil\u00e0 sans doute un objet de d\u00e9bat, pour lequel vos contributions sont les\u00a0bienvenues\u00a0!<\/p>\n","protected":false},"excerpt":{"rendered":"<p>Signalons la derni\u00e8re livraison de la Lettre de l&rsquo;OCIM (http:\/\/www.ocim.fr\/La-Lettre-de-l-OCIM-Sommaire-du,2256) consacr\u00e9e \u00e0 la notion de projet dans les mus\u00e9es, abord\u00e9e \u00e0 travers plusieurs contributions de professionnels. Remarquons que les concepteurs de ce num\u00e9ro, Serge Chaumier et Marie Bachy, n&rsquo;utilisent pas le concept de \u00ab\u00a0strat\u00e9gie\u00a0\u00bb \u00e0\u00a0 propos des Projets scientifiques et culturels (PSC), ce qui\u00a0soul\u00e8ve des [&hellip;]<\/p>\n","protected":false},"author":2,"featured_media":0,"comment_status":"open","ping_status":"open","sticky":false,"template":"","format":"standard","meta":{"footnotes":""},"categories":[15,10,16,24],"tags":[],"class_list":["post-313","post","type-post","status-publish","format-standard","hentry","category-etudes-conseil","category-management","category-musees","category-strategie"],"_links":{"self":[{"href":"https:\/\/www.option-culture.com\/index.php?rest_route=\/wp\/v2\/posts\/313","targetHints":{"allow":["GET"]}}],"collection":[{"href":"https:\/\/www.option-culture.com\/index.php?rest_route=\/wp\/v2\/posts"}],"about":[{"href":"https:\/\/www.option-culture.com\/index.php?rest_route=\/wp\/v2\/types\/post"}],"author":[{"embeddable":true,"href":"https:\/\/www.option-culture.com\/index.php?rest_route=\/wp\/v2\/users\/2"}],"replies":[{"embeddable":true,"href":"https:\/\/www.option-culture.com\/index.php?rest_route=%2Fwp%2Fv2%2Fcomments&post=313"}],"version-history":[{"count":0,"href":"https:\/\/www.option-culture.com\/index.php?rest_route=\/wp\/v2\/posts\/313\/revisions"}],"wp:attachment":[{"href":"https:\/\/www.option-culture.com\/index.php?rest_route=%2Fwp%2Fv2%2Fmedia&parent=313"}],"wp:term":[{"taxonomy":"category","embeddable":true,"href":"https:\/\/www.option-culture.com\/index.php?rest_route=%2Fwp%2Fv2%2Fcategories&post=313"},{"taxonomy":"post_tag","embeddable":true,"href":"https:\/\/www.option-culture.com\/index.php?rest_route=%2Fwp%2Fv2%2Ftags&post=313"}],"curies":[{"name":"wp","href":"https:\/\/api.w.org\/{rel}","templated":true}]}}