{"id":3126,"date":"2011-01-05T08:00:24","date_gmt":"2011-01-05T07:00:24","guid":{"rendered":"http:\/\/blog.option.culture.marrot.org\/?p=3126"},"modified":"2011-01-05T08:00:24","modified_gmt":"2011-01-05T07:00:24","slug":"la-culture-nouvel-outil-diplomatique-questions-relatives-a-la-diplomatie-culturelle","status":"publish","type":"post","link":"https:\/\/www.option-culture.com\/?p=3126","title":{"rendered":"La culture, nouvel outil diplomatique ? Questions relatives \u00e0 la diplomatie culturelle"},"content":{"rendered":"<p>Le <span style=\"color: #333399;\">Groupe des Belles Feuilles<\/span><em> <\/em>(une  association de jeunes professionnels \u00e9tudiant les questions  europ\u00e9ennes) a organis\u00e9 le 11 d\u00e9cembre 2010 \u00e0 Paris un d\u00e9bat relatif aux  nouveaux contours de la diplomatie culturelle  (http:\/\/www.groupedesbellesfeuilles.eu\/fr\/culture-nouvel-outil-diplomatique).<\/p>\n<div>\n<div>\n<p style=\"text-align: center;\"><img loading=\"lazy\" decoding=\"async\" class=\"aligncenter\" title=\"GBF\" src=\"..\/wp-content\/uploads\/2010\/12\/GBF.png\" alt=\"\" width=\"102\" height=\"80\" \/><\/p>\n<\/div>\n<\/div>\n<p>En voici la <span style=\"color: #333399;\">pr\u00e9sentation <\/span>par ses organisateurs.<\/p>\n<p style=\"text-align: justify;\"><em>Nous  avons d\u00e9cid\u00e9 de consacrer notre s\u00e9ance \u00e0 la question de la mutation de  la notion de culture et, plus largement, celle de politique culturelle,  comme instrument de politique \u00e9trang\u00e8re. \u00c0 l\u2019heure de la mondialisation  et de la croissance du \u00ab\u00a0soft power\u00a0\u00bb, nous voulons questionner la  notion de diplomatie culturelle.<\/em><\/p>\n<p style=\"text-align: justify;\"><em>Le  point de d\u00e9part de notre r\u00e9flexion portera sur le cas tr\u00e8s concret du  projet du Louvre Abu Dhabi, pour lequel nous avons convi\u00e9 M. Manuel  Rabat\u00e9, secr\u00e9taire g\u00e9n\u00e9ral de l\u2019Agence France Museum en charge du projet  du Louvre Abu Dhabi, pour \u00e9voquer avec nous le fonctionnement interne  du Louvre Abu Dhabi et partager ses r\u00e9flexions autour de la promotion de  la marque \u00ab\u00a0Mus\u00e9e du Louvre\u00a0\u00bb \u00e0 l\u2019\u00e9tranger.<\/em><\/p>\n<p style=\"text-align: justify;\"><em>Afin d\u2019inscrire la discussion dans le cadre plus large de la \u00ab\u00a0diplomatie culturelle\u00a0\u00bb, nous compterons sur la pr\u00e9sence de M<sup>me<\/sup> Laurence Auer, secr\u00e9taire g\u00e9n\u00e9rale de Cultures France afin de nous  exposer les lignes directrices du futur Institut fran\u00e7ais pr\u00e9sid\u00e9 par  Xavier Darcos.<\/em><\/p>\n<p style=\"text-align: justify;\"><em>Directeur d\u2019Option Culture, charg\u00e9 de cours \u00e0 l\u2019\u00e9cole du Louvre et directeur de l\u2019ouvrage collectif <\/em><a title=\"L\u2019arme de la culture, les strat\u00e9gies de la diplomatie culturelle non gouvernementale \" href=\"http:\/\/www.editions-harmattan.fr\/index.asp?navig=catalogue&amp;obj=livre&amp;no=23941\" target=\"_blank\">L\u2019arme de la culture, les strat\u00e9gies de la diplomatie culturelle non gouvernementale<\/a> publi\u00e9 en juin 2007, M. Jean-Michel Tobelem a accept\u00e9 de participer \u00e0 notre rencontre.<\/p>\n<p style=\"text-align: justify;\"><em>Pour  donner \u00e0 notre conf\u00e9rence une perspective europ\u00e9enne, nous attendons  \u00e9galement la pr\u00e9sence de M<sup>me <\/sup>Christiane Deussen, directrice de la  Maison Heinrich Heine \u00e0 Paris, pour exposer avec nous des \u00e9l\u00e9ments de la  strat\u00e9gie culturelle allemande \u00e0 l\u2019\u00e9tranger.<\/em><\/p>\n<p style=\"text-align: justify;\"><em>Enfin,  M. Jean-Louis Georget, chercheur au Centre de Recherches  Interdisciplinaires sur l\u2019Allemagne (CRIA) \u00e0 l\u2019EHESS, et r\u00e9dacteur en  chef adjoint de la revue \u00ab\u00a0Allemagne d\u2019aujourd\u2019hui\u00a0\u00bb, partagera avec  nous ses r\u00e9flexions sur la pertinence d\u2019une approche \u00ab\u00a0allemande\u00a0\u00bb en  mati\u00e8re de diplomatie culturelle.<br \/>\n<\/em><\/p>\n<p style=\"text-align: center;\"><a href=\"http:\/\/blog.option.culture.marrot.org\/wp-content\/uploads\/2011\/01\/Babel.png\"><img loading=\"lazy\" decoding=\"async\" class=\"size-full wp-image-3179 aligncenter\" title=\"Babel\" src=\"http:\/\/blog.option.culture.marrot.org\/wp-content\/uploads\/2011\/01\/Babel.png\" alt=\"\" width=\"275\" height=\"45\" \/><\/a><\/p>\n<p style=\"text-align: justify;\">Le d\u00e9bat a \u00e9t\u00e9 mod\u00e9r\u00e9 par Alexandre Heully, co-fondateur et directeur du m\u00e9dia europ\u00e9en cafebabel.com (<a href=\"http:\/\/www.cafebabel.com\/\">www.cafebabel.com<\/a>).<\/p>\n","protected":false},"excerpt":{"rendered":"<p>Le Groupe des Belles Feuilles (une association de jeunes professionnels \u00e9tudiant les questions europ\u00e9ennes) a organis\u00e9 le 11 d\u00e9cembre 2010 \u00e0 Paris un d\u00e9bat relatif aux nouveaux contours de la diplomatie culturelle (http:\/\/www.groupedesbellesfeuilles.eu\/fr\/culture-nouvel-outil-diplomatique). En voici la pr\u00e9sentation par ses organisateurs. Nous avons d\u00e9cid\u00e9 de consacrer notre s\u00e9ance \u00e0 la question de la mutation de la [&hellip;]<\/p>\n","protected":false},"author":2,"featured_media":0,"comment_status":"open","ping_status":"open","sticky":false,"template":"","format":"standard","meta":{"footnotes":""},"categories":[6,16,12,24],"tags":[],"class_list":["post-3126","post","type-post","status-publish","format-standard","hentry","category-diplomatie-culturelle","category-musees","category-politique-culturelle","category-strategie"],"_links":{"self":[{"href":"https:\/\/www.option-culture.com\/index.php?rest_route=\/wp\/v2\/posts\/3126","targetHints":{"allow":["GET"]}}],"collection":[{"href":"https:\/\/www.option-culture.com\/index.php?rest_route=\/wp\/v2\/posts"}],"about":[{"href":"https:\/\/www.option-culture.com\/index.php?rest_route=\/wp\/v2\/types\/post"}],"author":[{"embeddable":true,"href":"https:\/\/www.option-culture.com\/index.php?rest_route=\/wp\/v2\/users\/2"}],"replies":[{"embeddable":true,"href":"https:\/\/www.option-culture.com\/index.php?rest_route=%2Fwp%2Fv2%2Fcomments&post=3126"}],"version-history":[{"count":0,"href":"https:\/\/www.option-culture.com\/index.php?rest_route=\/wp\/v2\/posts\/3126\/revisions"}],"wp:attachment":[{"href":"https:\/\/www.option-culture.com\/index.php?rest_route=%2Fwp%2Fv2%2Fmedia&parent=3126"}],"wp:term":[{"taxonomy":"category","embeddable":true,"href":"https:\/\/www.option-culture.com\/index.php?rest_route=%2Fwp%2Fv2%2Fcategories&post=3126"},{"taxonomy":"post_tag","embeddable":true,"href":"https:\/\/www.option-culture.com\/index.php?rest_route=%2Fwp%2Fv2%2Ftags&post=3126"}],"curies":[{"name":"wp","href":"https:\/\/api.w.org\/{rel}","templated":true}]}}