{"id":302,"date":"2009-09-18T08:00:06","date_gmt":"2009-09-18T06:00:06","guid":{"rendered":"http:\/\/blog.option.culture.marrot.org\/?p=302"},"modified":"2009-09-18T08:00:06","modified_gmt":"2009-09-18T06:00:06","slug":"colloque-sur-les-formations-culturelles-et-artistiques","status":"publish","type":"post","link":"https:\/\/www.option-culture.com\/?p=302","title":{"rendered":"Colloque sur les formations culturelles et artistiques"},"content":{"rendered":"<p>Plac\u00e9 sous la direction de\u00a0C\u00e9lia Bense Ferreira Alves et de Fr\u00e9d\u00e9ric Poulard, un colloque universitaire est consacr\u00e9 \u00e0 la question des <a href=\"http:\/\/blog.option.culture.marrot.org\/wp-content\/uploads\/2009\/09\/Formations-artistiques-et-culturelles.pdf\">Formations artistiques et culturelles<\/a>, en pr\u00e9sence du c\u00e9l\u00e8bre sociologue Howard Becker.<\/p>\n<p style=\"text-align: center;\"><span style=\"color: #008000;\">Universit\u00e9 de Paris 8 Vincennes Saint-Denis, <\/span><span style=\"color: #008000;\">17 et 18 septembre 2009<\/span><\/p>\n<p><span style=\"color: #000000;\">Voici la pr\u00e9sentation qu&rsquo;en donnent ses responsables :<\/span><\/p>\n<p><em>En d\u00e9pit d\u2019un march\u00e9 du travail tendu, les m\u00e9tiers de l\u2019art et de la culture connaissent un engouement croissant qui s\u2019accompagne d\u2019un nombre toujours plus important d\u2019\u00e9l\u00e8ves qui fr\u00e9quentent les structures de formation. Dans les arts dits \u00ab\u00a0classiques\u00a0\u00bb comme la musique, la danse et le th\u00e9\u00e2tre, certaines de ces formations ont fait l\u2019objet d\u2019une codification ancienne, par le biais de la mise en place d\u2019\u00e9tablissements publics nationaux \u00e0 la fin du 18<sup>\u00e8me<\/sup> si\u00e8cle, puis de l\u2019\u00e9dification d\u2019une hi\u00e9rarchie d\u2019\u00e9tablissements plus ou moins subventionn\u00e9s selon un syst\u00e8me de valeur pyramidal. Dans d\u2019autres secteurs artistiques au contraire, la formation a longtemps fait l\u2019objet d\u2019un enseignement \u00ab\u00a0sur le tas\u00a0\u00bb, tandis que l\u2019on assiste \u00e0 l\u2019apparition de nombreux enseignements priv\u00e9s ou associatifs durant les derni\u00e8res d\u00e9cennies. Ce colloque souhaite donc retracer la mise en place de ces formations et appr\u00e9hender la mani\u00e8re dont elles se p\u00e9rennisent dans le temps, en les resituant au sein des enjeux professionnels ou institutionnels qui sont les leurs, et en examinant comment leur histoire s\u2019articule avec celle des politiques culturelles. Il se donne \u00e9galement pour objectif d\u2019explorer la r\u00e9alit\u00e9 de ces formations et la mani\u00e8re dont elles sont organis\u00e9es, tout en cherchant \u00e0 comprendre \u00e0 qui elles s\u2019adressent et ce qu\u2019elles font aux \u00e9l\u00e8ves qui les fr\u00e9quentent, du point de vue de la socialisation professionnelle.<\/em><\/p>\n<p>Notre communication porte sur le th\u00e8me suivant :<\/p>\n<p><em><span style=\"color: #993366;\">Former \u00e0 la direction d\u2019\u00e9tablissement. Le cas des formations aux m\u00e9tiers du patrimoine.<\/span><\/em><\/p>\n<p><span style=\"color: #000000;\">Ce th\u00e8me vous int\u00e9resse-t-il ?<\/span><\/p>\n","protected":false},"excerpt":{"rendered":"<p>Plac\u00e9 sous la direction de\u00a0C\u00e9lia Bense Ferreira Alves et de Fr\u00e9d\u00e9ric Poulard, un colloque universitaire est consacr\u00e9 \u00e0 la question des Formations artistiques et culturelles, en pr\u00e9sence du c\u00e9l\u00e8bre sociologue Howard Becker. Universit\u00e9 de Paris 8 Vincennes Saint-Denis, 17 et 18 septembre 2009 Voici la pr\u00e9sentation qu&rsquo;en donnent ses responsables : En d\u00e9pit d\u2019un march\u00e9 [&hellip;]<\/p>\n","protected":false},"author":2,"featured_media":0,"comment_status":"open","ping_status":"open","sticky":false,"template":"","format":"standard","meta":{"footnotes":""},"categories":[17,16,13],"tags":[],"class_list":["post-302","post","type-post","status-publish","format-standard","hentry","category-colloques","category-musees","category-patrimoine"],"_links":{"self":[{"href":"https:\/\/www.option-culture.com\/index.php?rest_route=\/wp\/v2\/posts\/302","targetHints":{"allow":["GET"]}}],"collection":[{"href":"https:\/\/www.option-culture.com\/index.php?rest_route=\/wp\/v2\/posts"}],"about":[{"href":"https:\/\/www.option-culture.com\/index.php?rest_route=\/wp\/v2\/types\/post"}],"author":[{"embeddable":true,"href":"https:\/\/www.option-culture.com\/index.php?rest_route=\/wp\/v2\/users\/2"}],"replies":[{"embeddable":true,"href":"https:\/\/www.option-culture.com\/index.php?rest_route=%2Fwp%2Fv2%2Fcomments&post=302"}],"version-history":[{"count":0,"href":"https:\/\/www.option-culture.com\/index.php?rest_route=\/wp\/v2\/posts\/302\/revisions"}],"wp:attachment":[{"href":"https:\/\/www.option-culture.com\/index.php?rest_route=%2Fwp%2Fv2%2Fmedia&parent=302"}],"wp:term":[{"taxonomy":"category","embeddable":true,"href":"https:\/\/www.option-culture.com\/index.php?rest_route=%2Fwp%2Fv2%2Fcategories&post=302"},{"taxonomy":"post_tag","embeddable":true,"href":"https:\/\/www.option-culture.com\/index.php?rest_route=%2Fwp%2Fv2%2Ftags&post=302"}],"curies":[{"name":"wp","href":"https:\/\/api.w.org\/{rel}","templated":true}]}}