{"id":2676,"date":"2011-01-20T08:00:58","date_gmt":"2011-01-20T07:00:58","guid":{"rendered":"http:\/\/blog.option.culture.marrot.org\/?p=2676"},"modified":"2011-01-20T08:00:58","modified_gmt":"2011-01-20T07:00:58","slug":"constitution-de-lassociation-internationale-de-recherche-en-management-public-airmap","status":"publish","type":"post","link":"https:\/\/www.option-culture.com\/?p=2676","title":{"rendered":"Constitution de l\u2019Association Internationale de Recherche en Management Public (AIRMAP)"},"content":{"rendered":"<p style=\"text-align: justify;\">Comme nous avons eu l&rsquo;occasion de le souligner \u00e0 plusieurs reprises, le monde de la culture peut utilement \u00eatre analys\u00e9 \u00e0 travers la discipline des sciences de gestion, et en particulier \u00e0 travers le prisme du management public.<\/p>\n<p style=\"text-align: justify;\">C&rsquo;est \u00e0 ce titre que nous faisons part de la cr\u00e9ation d&rsquo;AIRMAP, dont voici la pr\u00e9sentation.<\/p>\n<p style=\"text-align: justify;\"><em>\u00ab\u00a0Dans un contexte de crise \u00e9conomique et financi\u00e8re et de d\u00e9veloppement du management public, le R\u00e9seau d\u2019\u00e9changes entre enseignants en management public (RECEMAP), fond\u00e9 il y a 10 ans notamment par les professeurs Robert Le Duff, Annie Bartoli, G\u00e9rald Orange, et Jean\u2010Jacques Rigal, a d\u00e9cid\u00e9 de se structurer en association.<\/em><\/p>\n<p style=\"text-align: justify;\"><em>L\u2019Association Internationale de Recherche en Management Public (AIRMAP) a pour objet de favoriser la valorisation des recherches, les \u00e9changes entre chercheurs ainsi qu\u2019entre chercheurs et praticiens. Elle vise \u00e9galement \u00e0 diffuser les connaissances \u00e9labor\u00e9es dans le domaine du Management public et \u00e0 structurer la recherche autour de publications reconnues par la communaut\u00e9 scientifique.<\/em><\/p>\n<p style=\"text-align: center;\"><em><a href=\"..\/wp-content\/uploads\/2011\/03\/airmap-21.jpg\"><img loading=\"lazy\" decoding=\"async\" class=\"aligncenter\" title=\"airmap 2\" src=\"..\/wp-content\/uploads\/2011\/03\/airmap-21.jpg\" alt=\"\" width=\"195\" height=\"195\" \/><\/a><\/em><\/p>\n<p style=\"text-align: justify;\"><em><img decoding=\"async\" src=\"file:\/\/\/C:\/Users\/fnac\/AppData\/Local\/Temp\/moz-screenshot-3.png\" alt=\"\" \/><img decoding=\"async\" src=\"file:\/\/\/C:\/Users\/fnac\/AppData\/Local\/Temp\/moz-screenshot-2.png\" alt=\"\" \/><\/em><\/p>\n<p style=\"text-align: justify;\"><em>Plus de 300 enseignants\u2010chercheurs relevant des principales disciplines du management public et de praticiens repr\u00e9sentant les fonctions publiques de l\u2019administration centrale, locale et hospitali\u00e8re ont souhait\u00e9 \u00eatre associ\u00e9s \u00e0 la cr\u00e9ation de l\u2019AIRMAP.<\/em><\/p>\n<p style=\"text-align: justify;\"><em>Les objectifs d\u2019AIRMAP sont centr\u00e9s sur la recherche acad\u00e9mique, les probl\u00e9matiques manag\u00e9riales et sont ouverts sur les diff\u00e9rentes disciplines concern\u00e9es par le management public (sciences \u00e9conomiques, juridiques et de gestion, sociologie, g\u00e9ographie\u2026) et aux diff\u00e9rents contextes locaux, nationaux et internationaux, de mani\u00e8re \u00e0 favoriser la participation active de tous les coll\u00e8gues fran\u00e7ais et \u00e9trangers.\u00a0\u00bb<\/em><\/p>\n<p style=\"text-align: justify;\">Ajoutons que le laboratoire de recherche en Management LAREQUOI (ISM-UVSQ) organisera  les 29 et 30 juin 2011 le 1er congr\u00e8s scientifique international de  l\u2019AIRMAP (http:\/\/www.larequoi.uvsq.fr\/1er-congres-de-l-airmap-98375.kjsp), en partenariat avec la revue PMP (<em>Politiques et Management Public<\/em>).<\/p>\n<p style=\"text-align: justify;\"><span style=\"color: #000080;\">Courriel <\/span>: AIRMAP.managementPublic@gmail.com<br \/>\n<span style=\"color: #000080;\"><span style=\"color: #000080;\">Contact <\/span>presse <\/span>: jean.lachmann@univ\u2010nancy2.fr (pr\u00e9sident)<\/p>\n","protected":false},"excerpt":{"rendered":"<p>Comme nous avons eu l&rsquo;occasion de le souligner \u00e0 plusieurs reprises, le monde de la culture peut utilement \u00eatre analys\u00e9 \u00e0 travers la discipline des sciences de gestion, et en particulier \u00e0 travers le prisme du management public. C&rsquo;est \u00e0 ce titre que nous faisons part de la cr\u00e9ation d&rsquo;AIRMAP, dont voici la pr\u00e9sentation. \u00ab\u00a0Dans [&hellip;]<\/p>\n","protected":false},"author":2,"featured_media":0,"comment_status":"open","ping_status":"open","sticky":false,"template":"","format":"standard","meta":{"footnotes":""},"categories":[17,10,24],"tags":[],"class_list":["post-2676","post","type-post","status-publish","format-standard","hentry","category-colloques","category-management","category-strategie"],"_links":{"self":[{"href":"https:\/\/www.option-culture.com\/index.php?rest_route=\/wp\/v2\/posts\/2676","targetHints":{"allow":["GET"]}}],"collection":[{"href":"https:\/\/www.option-culture.com\/index.php?rest_route=\/wp\/v2\/posts"}],"about":[{"href":"https:\/\/www.option-culture.com\/index.php?rest_route=\/wp\/v2\/types\/post"}],"author":[{"embeddable":true,"href":"https:\/\/www.option-culture.com\/index.php?rest_route=\/wp\/v2\/users\/2"}],"replies":[{"embeddable":true,"href":"https:\/\/www.option-culture.com\/index.php?rest_route=%2Fwp%2Fv2%2Fcomments&post=2676"}],"version-history":[{"count":0,"href":"https:\/\/www.option-culture.com\/index.php?rest_route=\/wp\/v2\/posts\/2676\/revisions"}],"wp:attachment":[{"href":"https:\/\/www.option-culture.com\/index.php?rest_route=%2Fwp%2Fv2%2Fmedia&parent=2676"}],"wp:term":[{"taxonomy":"category","embeddable":true,"href":"https:\/\/www.option-culture.com\/index.php?rest_route=%2Fwp%2Fv2%2Fcategories&post=2676"},{"taxonomy":"post_tag","embeddable":true,"href":"https:\/\/www.option-culture.com\/index.php?rest_route=%2Fwp%2Fv2%2Ftags&post=2676"}],"curies":[{"name":"wp","href":"https:\/\/api.w.org\/{rel}","templated":true}]}}