{"id":2200,"date":"2010-12-15T08:00:42","date_gmt":"2010-12-15T07:00:42","guid":{"rendered":"http:\/\/blog.option.culture.marrot.org\/?p=2200"},"modified":"2010-12-15T08:00:42","modified_gmt":"2010-12-15T07:00:42","slug":"le-nouveau-nouvel-age-des-musees-est-arrive","status":"publish","type":"post","link":"https:\/\/www.option-culture.com\/?p=2200","title":{"rendered":"Le nouveau \u00ab\u00a0Nouvel \u00e2ge des mus\u00e9es\u00a0\u00bb\u2026 est arriv\u00e9 !"},"content":{"rendered":"<p style=\"text-align: justify;\">Une deuxi\u00e8me \u00e9dition, revue et augment\u00e9e, de notre ouvrage \u00ab\u00a0Le nouvel \u00e2ge des mus\u00e9es, les institutions culturelles au d\u00e9fi de la gestion\u00a0\u00bb, vient de para\u00eetre (http:\/\/www.armand-colin.com\/livre\/353865\/le-nouvel-age-des-musees.php).<\/p>\n<p style=\"text-align: justify;\">A l&rsquo;heure o\u00f9 les probl\u00e8mes de financement occupent une place importante dans les d\u00e9bats de politique culturelle, cela n&rsquo;est pas sans poser des questions \u00e9thiques et de d\u00e9ontologie in\u00e9dites : autant de sujets qui font partie des ajouts de cette nouvelle \u00e9dition.<\/p>\n<p style=\"text-align: justify;\">On peut \u00e9couter sur ce th\u00e8me notre discussion avec le journaliste Jean-Marc Chardon sur <span style=\"color: #000080;\">France Culture<\/span> : http:\/\/www.franceculture.com\/emission-en-toute-franchise-jean-michel-tobelem-auteur-de-le-nouvel-age-des-musees-les-institutions-<\/p>\n<p style=\"text-align: justify;\">On pourra <a href=\"http:\/\/blog.option.culture.marrot.org\/wp-content\/uploads\/2010\/12\/NAM-ICOM-EN-20101.pdf\">lire<\/a> \u00e9galement : http:\/\/www.formation-museographie-museologie.com\/2010\/07\/le-nouvel-age-des-musees.html et http:\/\/www.culture.gouv.fr\/culture\/actualites\/co-ddat\/indexnew.htm, http:\/\/www.culture.gouv.fr\/culture\/actualites\/co-ddat\/indexnew.htm (fin de page), ainsi que http:\/\/www.artclair.com\/jda\/archives\/docs_article\/77835\/gerer-ou-ne-pas-etreh.php.<\/p>\n<p style=\"text-align: justify;\">Merci \u00e0 ceux qui, \u00e0 la suite de notre billet du 9 septembre 2009,\u00a0 nous ont fait part de leurs remarques, critiques et suggestions.<\/p>\n<p style=\"text-align: justify;\"><a href=\"http:\/\/blog.option.culture.marrot.org\/wp-content\/uploads\/2010\/06\/NAM-2010.jpg\"><br \/>\n<\/a><a href=\"..\/wp-content\/uploads\/2010\/06\/NAM.gif\"><img loading=\"lazy\" decoding=\"async\" class=\"aligncenter\" title=\"NAM\" src=\"..\/wp-content\/uploads\/2010\/06\/NAM.gif\" alt=\"\" width=\"155\" height=\"232\" \/><\/a>Voici le <span style=\"color: #000080;\">sommaire <\/span>de l&rsquo;ouvrage.<\/p>\n<p><strong>Introduction<\/strong><\/p>\n<p>&nbsp;<\/p>\n<p><strong>Premi\u00e8re partie\u00a0: L\u2019argent <\/strong><\/p>\n<ul>\n<li>I\u00a0: Qui doit financer les mus\u00e9es\u00a0?<\/li>\n<li>II\u00a0: De nouvelles sources de financement<\/li>\n<li>III\u00a0: Le m\u00e9c\u00e9nat<\/li>\n<li>IV\u00a0: Les fondations<\/li>\n<li>V\u00a0: La philanthropie\u00a0priv\u00e9e<\/li>\n<li>VI\u00a0: La lev\u00e9e de fonds, une sp\u00e9cialit\u00e9 am\u00e9ricaine<\/li>\n<li>VII\u00a0: Les campagnes de collecte de fonds<\/li>\n<li>VIII\u00a0: La gestion\u00a0financi\u00e8re \u00e0 l\u2019am\u00e9ricaine<\/li>\n<\/ul>\n<p>&nbsp;<\/p>\n<p><strong>Deuxi\u00e8me partie\u00a0: Les hommes<\/strong><\/p>\n<ul>\n<li>I\u00a0: Les conservateurs<\/li>\n<li>II\u00a0: Administrateurs et gestionnaires<\/li>\n<li>III\u00a0: Le directeur<\/li>\n<li>IV\u00a0: Amis et b\u00e9n\u00e9voles<\/li>\n<li>V\u00a0: Professionnalisation et formation<\/li>\n<li>VI\u00a0: La gestion\u00a0des ressources humaines<\/li>\n<\/ul>\n<p>&nbsp;<\/p>\n<p><strong>Troisi\u00e8me partie\u00a0: La gouvernance<\/strong><\/p>\n<ul>\n<li>I\u00a0: L\u2019organisation\u00a0territoriale des mus\u00e9es<\/li>\n<li>II\u00a0: Gestion directe et autonomie<\/li>\n<li>III\u00a0: La gestion\u00a0associative<\/li>\n<li>IV\u00a0: Gestion d\u00e9l\u00e9gu\u00e9e et \u00e9conomie\u00a0mixte<\/li>\n<li>V\u00a0: La privatisation\u00a0des mus\u00e9es<\/li>\n<li>VI\u00a0: Le contr\u00f4le des performances et l\u2019\u00e9valuation<\/li>\n<\/ul>\n<p>&nbsp;<\/p>\n<p><strong>Quatri\u00e8me partie\u00a0: La production<\/strong><\/p>\n<ul>\n<li>I\u00a0: La valorisation\u00a0\u00e9conomique du patrimoine<\/li>\n<li>II\u00a0: L\u2019impact \u00e9conomique\u00a0des mus\u00e9es<\/li>\n<li>III\u00a0: Les expositions<\/li>\n<li>IV\u00a0: La valorisation\u00a0des collections<\/li>\n<li>V\u00a0: Les visiteurs<\/li>\n<\/ul>\n<p>&nbsp;<\/p>\n<p><strong>Cinqui\u00e8me partie\u00a0: Les strat\u00e9gies<\/strong><\/p>\n<ul>\n<li>I\u00a0: La d\u00e9marche strat\u00e9gique<\/li>\n<li>II\u00a0: Le tourisme\u00a0culturel<\/li>\n<li>III\u00a0: Territoire et d\u00e9veloppement local<\/li>\n<li>IV\u00a0: Entre loisir\u00a0et divertissement<\/li>\n<li>V\u00a0: Alliances et internationalisation<\/li>\n<\/ul>\n<p>&nbsp;<\/p>\n<p><strong>Conclusion g\u00e9n\u00e9rale<\/strong><\/p>\n<p><strong>Bibliographie<\/strong><\/p>\n<p><strong>Index<\/strong><\/p>\n<p><strong>Principaux sigles utilis\u00e9s<\/strong><\/p>\n<p style=\"text-align: justify;\">Vos r\u00e9actions sont les bienvenues !<\/p>\n<p style=\"text-align: justify;\">A lire : <a href=\"http:\/\/www.artclair.com\/jda\/archives\/docs_article\/77835\/gerer-ou-ne-pas-etreh.php\">http:\/\/www.artclair.com\/jda\/archives\/docs_article\/77835\/gerer-ou-ne-pas-etreh.php.<\/a><\/p>\n","protected":false},"excerpt":{"rendered":"<p>Une deuxi\u00e8me \u00e9dition, revue et augment\u00e9e, de notre ouvrage \u00ab\u00a0Le nouvel \u00e2ge des mus\u00e9es, les institutions culturelles au d\u00e9fi de la gestion\u00a0\u00bb, vient de para\u00eetre (http:\/\/www.armand-colin.com\/livre\/353865\/le-nouvel-age-des-musees.php). A l&rsquo;heure o\u00f9 les probl\u00e8mes de financement occupent une place importante dans les d\u00e9bats de politique culturelle, cela n&rsquo;est pas sans poser des questions \u00e9thiques et de d\u00e9ontologie in\u00e9dites [&hellip;]<\/p>\n","protected":false},"author":2,"featured_media":0,"comment_status":"open","ping_status":"open","sticky":false,"template":"","format":"standard","meta":{"footnotes":""},"categories":[10,16,13,12,8,24],"tags":[],"class_list":["post-2200","post","type-post","status-publish","format-standard","hentry","category-management","category-musees","category-patrimoine","category-politique-culturelle","category-publications","category-strategie"],"_links":{"self":[{"href":"https:\/\/www.option-culture.com\/index.php?rest_route=\/wp\/v2\/posts\/2200","targetHints":{"allow":["GET"]}}],"collection":[{"href":"https:\/\/www.option-culture.com\/index.php?rest_route=\/wp\/v2\/posts"}],"about":[{"href":"https:\/\/www.option-culture.com\/index.php?rest_route=\/wp\/v2\/types\/post"}],"author":[{"embeddable":true,"href":"https:\/\/www.option-culture.com\/index.php?rest_route=\/wp\/v2\/users\/2"}],"replies":[{"embeddable":true,"href":"https:\/\/www.option-culture.com\/index.php?rest_route=%2Fwp%2Fv2%2Fcomments&post=2200"}],"version-history":[{"count":0,"href":"https:\/\/www.option-culture.com\/index.php?rest_route=\/wp\/v2\/posts\/2200\/revisions"}],"wp:attachment":[{"href":"https:\/\/www.option-culture.com\/index.php?rest_route=%2Fwp%2Fv2%2Fmedia&parent=2200"}],"wp:term":[{"taxonomy":"category","embeddable":true,"href":"https:\/\/www.option-culture.com\/index.php?rest_route=%2Fwp%2Fv2%2Fcategories&post=2200"},{"taxonomy":"post_tag","embeddable":true,"href":"https:\/\/www.option-culture.com\/index.php?rest_route=%2Fwp%2Fv2%2Ftags&post=2200"}],"curies":[{"name":"wp","href":"https:\/\/api.w.org\/{rel}","templated":true}]}}