{"id":2099,"date":"2010-05-18T08:00:21","date_gmt":"2010-05-18T06:00:21","guid":{"rendered":"http:\/\/blog.option.culture.marrot.org\/?p=2099"},"modified":"2010-05-18T08:00:21","modified_gmt":"2010-05-18T06:00:21","slug":"dialogues-transatlantiques-en-histoire-de-lart","status":"publish","type":"post","link":"https:\/\/www.option-culture.com\/?p=2099","title":{"rendered":"Dialogues transatlantiques en histoire de l\u2019art"},"content":{"rendered":"<p><strong> <\/strong><\/p>\n<p><strong> <\/strong><strong> <\/strong><strong> <\/strong><strong>Dialogues transatlantiques en histoire de l\u2019art \/ Paris, 20 \u2013 21 mai 2010<\/strong><\/p>\n<p style=\"text-align: justify;\"><span style=\"color: #000080;\"><em>L\u2019Institut national d&rsquo;histoire de l&rsquo;art, l\u2019Ecole normale sup\u00e9rieure et l\u2019Universit\u00e9 Paris-Ouest Nanterre La D\u00e9fense organisent, en collaboration avec la  Terra Foundation for American Art, des journ\u00e9es d\u2019\u00e9tudes sur le th\u00e8me des  dialogues transatlantiques en histoire de l\u2019art. Elles\u00a0 r\u00e9uniront des chercheurs europ\u00e9ens et am\u00e9ricains \u00e9tudiant divers aspects de l\u2019art et la culture  des Etats-Unis. La discipline de l\u2019histoire de l\u2019art op\u00e8re souvent dans un  cadre national, et plus encore lorsqu\u2019il s\u2019agit du domaine de l\u2019histoire de  l\u2019art am\u00e9ricain. Le but de cet \u00e9v\u00e9nement est d\u2019ouvrir le dialogue sur les  mani\u00e8res dont les \u00e9changes interculturels se manifestent aussi bien dans la culture  que dans la recherche. Autour d\u2019une s\u00e9rie de pr\u00e9sentations et de discussions informelles, ces journ\u00e9es d\u2019\u00e9tudes cr\u00e9eront une plateforme d\u2019\u00e9changes  sur la recherche et les m\u00e9thodologies actuelles qui mettent en avant les  dialogues internationaux.<\/em><\/span><\/p>\n<p><a href=\"http:\/\/www.terraamericanart.org\/\" target=\"_blank\"><img loading=\"lazy\" decoding=\"async\" class=\"size-full wp-image-2107 aligncenter\" title=\"Inha\" src=\"http:\/\/blog.option.culture.marrot.org\/wp-content\/uploads\/2010\/05\/Inha.png\" alt=\"\" width=\"241\" height=\"56\" \/><\/a><\/p>\n<p style=\"text-align: left;\">Renseignements : 01 43 20 67 01<\/p>\n<p><strong>Jeudi 20 Mai &#8211; Institut national d\u2019histoire de l\u2019art, Salle Vasari &#8211; 2, rue Vivienne, 75002 Paris<\/strong><\/p>\n<p><strong> <\/strong><\/p>\n<p><strong> <\/strong><\/p>\n<p>10:00\u201310:15 \u00a0\u00a0\u00a0 <em>Introduction<\/em><\/p>\n<p>Jody Patterson,  Terra Foundation Teaching Fellow in American Art, Institut national d\u2019histoire de l\u2019art,  Ecole Normale Sup\u00e9rieure, and Universit\u00e9 Paris-Ouest Nanterre La D\u00e9fense,  Paris<\/p>\n<p>10:15\u201310:45\u00a0\u00a0\u00a0\u00a0\u00a0 <em>Opening Remarks <\/em><\/p>\n<p>Eric  de Chassey, Director, Acad\u00e9mie de France \u00e0 Rome \u2013 Villa Medici<\/p>\n<p><em> <\/em><\/p>\n<p>10:45\u201311:15 \u00a0\u00a0\u00a0\u00a0\u00a0 <em>Anglo-American: American Art and British Art Studies<\/em><\/p>\n<p>David Peters Corbett, York University<\/p>\n<p>11:15\u201311:45\u00a0\u00a0\u00a0\u00a0\u00a0\u00a0\u00a0 <em>Crossing the Interval with Pendant Paintings<\/em><\/p>\n<p>Wendy Ikemoto, Terra Foundation Teaching Fellow in American Art, Courtauld Institute  of Art, London<\/p>\n<p>11:45\u201312:15\u00a0\u00a0\u00a0\u00a0\u00a0\u00a0\u00a0 <em>New International Perspectives on \u2018The Family of Man\u2019<\/em><\/p>\n<p>Kristen Gresh,  PhD, Ecole des Hautes Etudes en Sciences Sociales, Paris<\/p>\n<p>12:15\u201313:00\u00a0\u00a0\u00a0\u00a0\u00a0 <em>Discussion<\/em><\/p>\n<p>13:00-14:00\u00a0\u00a0\u00a0\u00a0\u00a0 <em>Lunch <\/em><\/p>\n<p>Cafeteria, Institut national d\u2019histoire de l\u2019art<\/p>\n<p>14:00\u201314:30 \u00a0\u00a0\u00a0 <em>The German Connection: Expressionism in Germany and the U.S. Before World  War I<\/em><\/p>\n<p>Angela  Miller, University of Washington, St Louis, and Terra Foundation Visiting  Professor in American Art, Institut national d\u2019histoire de l\u2019art<\/p>\n<p>14:30\u201315:00 \u00a0\u00a0\u00a0 <em>Paris-Berlin-New York: A Three-Way Collaboration Against War in April 1917<\/em><\/p>\n<p>David  Lubin, Wake Forest University, Terra Foundation Visiting Professor in American Art, John F. Kennedy-Institute, Freie Universit\u00e4t Berlin<\/p>\n<p>15:00\u201315:15 \u00a0\u00a0\u00a0\u00a0\u00a0 <em>Coffee <\/em><\/p>\n<p>15:15\u201315:45 \u00a0\u00a0\u00a0\u00a0\u00a0\u00a0 <em>Pop macht frei! American Pop Art and the German People <\/em><\/p>\n<p>Catherine Dossin, Purdue University, West Lafayette, Indiana<\/p>\n<p>15:45\u201316:15 \u00a0\u00a0\u00a0\u00a0\u00a0 <em>Discussion<\/em><\/p>\n<p><strong> <\/strong><\/p>\n<p><strong> <\/strong><\/p>\n<p><strong> <\/strong><\/p>\n<p style=\"text-align: center;\"><a href=\"..\/wp-content\/uploads\/2010\/05\/Terra.gif\"><img loading=\"lazy\" decoding=\"async\" class=\"aligncenter\" title=\"Terra\" src=\"..\/wp-content\/uploads\/2010\/05\/Terra.gif\" alt=\"\" width=\"185\" height=\"61\" \/><\/a><\/p>\n<p><strong>Vendredi 21\u00a0 mai\u00a0 &#8211; Terra Foundation for American Art Europe &#8211; 29, rue des Pyramides, 75001 Paris <\/strong><\/p>\n<p><strong> <\/strong><\/p>\n<p><strong> <\/strong><\/p>\n<p>10:00\u201310:30 \u00a0\u00a0 <em>Opening Remarks<\/em><\/p>\n<p>Philippe Bordes,  Directeur du d\u00e9partement des \u00e9tudes et la recherche, Institut national de l\u2019histoire  de l\u2019art<\/p>\n<p>10:30\u201311:00 \u00a0\u00a0\u00a0 <em>L&rsquo;artiste-\u00e9conomiste, une perspective transatlantique <\/em><\/p>\n<p>Sophie Cras, Ecole Normale Sup\u00e9rieure<\/p>\n<p>11:00\u201311:30 \u00a0\u00a0\u00a0\u00a0 <em>Art and Politics: The Great Divide?<\/em><\/p>\n<p>Warren Carter,  University College London<\/p>\n<p>11:30\u201312:00 \u00a0\u00a0\u00a0 <em>The Wall as Painting. Mark Rothko&rsquo;s Italian Journeys<\/em><\/p>\n<p>Riccardo Venturi,  Universit\u00e9 Paris-Ouest Nanterre La D\u00e9fense<\/p>\n<p>12:00\u201312:30 \u00a0\u00a0\u00a0 <em>Paris art dealers and the American market: cultural misunderstandings (1945-1970)<\/em><\/p>\n<p>Julie Verlaine, Universit\u00e9 de Caen Basse-Normandie<\/p>\n<p>12:30\u201313:00 \u00a0\u00a0\u00a0  <em>Discussion<\/em><\/p>\n<p>13:00\u201314:30 \u00a0\u00a0\u00a0  <em>Lunch <\/em><\/p>\n<p>Cafeteria, Institut national d\u2019histoire de l\u2019art<\/p>\n<p>14:30\u201315:00\u00a0\u00a0\u00a0\u00a0 <em>Expatriate Art Historian; Negotiating National Identities<\/em><\/p>\n<p>Katherine Bourguignon, Terra Foundation for American Art Europe<\/p>\n<p>15:00\u201315:30\u00a0\u00a0\u00a0\u00a0 <em>What to do with Design? <\/em><em>Transatlantic  Perspectives in Museum Display <\/em><\/p>\n<p>Jennifer A.  Donnelly, doctoral student, Universit\u00e9 Paris Diderot <em>&#8211;<\/em>\u2013 Paris 7<\/p>\n<p>15:30\u201316:00\u00a0 \u00a0\u00a0 <em>La France et les Etats-Unis, quelles relations mus\u00e9ales ?<\/em><\/p>\n<p><em>Le Louvre-Atlanta et le FRAME : deux cas distincts d\u2019\u00e9changes<\/em><\/p>\n<p>Grichka Redjala,  masters student, Universit\u00e9 Sorbonne Nouvelle<em> &#8211;<\/em>\u2013 Paris 3<\/p>\n<p>16:00\u201316:30 \u00a0\u00a0  <em>G\u00e9n\u00e9alogie du postmodernisme (USA &#8211;<\/em>\u2013 <em>Europe) : la question des \u00e9changes manqu\u00e9s<\/em><\/p>\n<p>Annie Claustres,  Universit\u00e9 Lumi\u00e8re Lyon 2<\/p>\n<p>16:30\u201317:30\u00a0\u00a0\u00a0\u00a0\u00a0 <em>Discussion <\/em><em> <\/em><\/p>\n<p>17:30<em> Reception <\/em><\/p>\n","protected":false},"excerpt":{"rendered":"<p>Dialogues transatlantiques en histoire de l\u2019art \/ Paris, 20 \u2013 21 mai 2010 L\u2019Institut national d&rsquo;histoire de l&rsquo;art, l\u2019Ecole normale sup\u00e9rieure et l\u2019Universit\u00e9 Paris-Ouest Nanterre La D\u00e9fense organisent, en collaboration avec la Terra Foundation for American Art, des journ\u00e9es d\u2019\u00e9tudes sur le th\u00e8me des dialogues transatlantiques en histoire de l\u2019art. Elles\u00a0 r\u00e9uniront des chercheurs europ\u00e9ens [&hellip;]<\/p>\n","protected":false},"author":2,"featured_media":0,"comment_status":"open","ping_status":"open","sticky":false,"template":"","format":"standard","meta":{"footnotes":""},"categories":[17,16,13,12],"tags":[],"class_list":["post-2099","post","type-post","status-publish","format-standard","hentry","category-colloques","category-musees","category-patrimoine","category-politique-culturelle"],"_links":{"self":[{"href":"https:\/\/www.option-culture.com\/index.php?rest_route=\/wp\/v2\/posts\/2099","targetHints":{"allow":["GET"]}}],"collection":[{"href":"https:\/\/www.option-culture.com\/index.php?rest_route=\/wp\/v2\/posts"}],"about":[{"href":"https:\/\/www.option-culture.com\/index.php?rest_route=\/wp\/v2\/types\/post"}],"author":[{"embeddable":true,"href":"https:\/\/www.option-culture.com\/index.php?rest_route=\/wp\/v2\/users\/2"}],"replies":[{"embeddable":true,"href":"https:\/\/www.option-culture.com\/index.php?rest_route=%2Fwp%2Fv2%2Fcomments&post=2099"}],"version-history":[{"count":0,"href":"https:\/\/www.option-culture.com\/index.php?rest_route=\/wp\/v2\/posts\/2099\/revisions"}],"wp:attachment":[{"href":"https:\/\/www.option-culture.com\/index.php?rest_route=%2Fwp%2Fv2%2Fmedia&parent=2099"}],"wp:term":[{"taxonomy":"category","embeddable":true,"href":"https:\/\/www.option-culture.com\/index.php?rest_route=%2Fwp%2Fv2%2Fcategories&post=2099"},{"taxonomy":"post_tag","embeddable":true,"href":"https:\/\/www.option-culture.com\/index.php?rest_route=%2Fwp%2Fv2%2Ftags&post=2099"}],"curies":[{"name":"wp","href":"https:\/\/api.w.org\/{rel}","templated":true}]}}