{"id":194,"date":"2009-08-22T08:00:02","date_gmt":"2009-08-22T06:00:02","guid":{"rendered":"http:\/\/blog.option.culture.marrot.org\/?p=194"},"modified":"2009-08-22T08:00:02","modified_gmt":"2009-08-22T06:00:02","slug":"mecenat-a-versailles","status":"publish","type":"post","link":"https:\/\/www.option-culture.com\/?p=194","title":{"rendered":"M\u00e9c\u00e9nat \u00e0 Versailles"},"content":{"rendered":"<p>Vous pensez peut-\u00eatre que la restauration continue de Versailles est principalement due au travail, au d\u00e9vouement et aux comp\u00e9tences des professionnels du ch\u00e2teau et aux aides des pouvoirs publics, sans compter l\u2019association des amis.<\/p>\n<p>\u00c0 quoi il faut bien s\u00fbr ajouter les nombreux m\u00e9c\u00e8nes qui se sont succ\u00e9d\u00e9 dans l\u2019histoire de l\u2019institution.<\/p>\n<p>Dans la lign\u00e9e de l\u2019envahissant Vinci, m\u00e9c\u00e8ne de la Galerie des glaces, l\u2019entreprise Breguet ne fait gu\u00e8re dans la discr\u00e9tion, comme on peut le lire sur l\u2019un des panneaux du domaine de Versailles\u00a0: \u00ab\u00a0Montres Breguet fait rena\u00eetre le Domaine de Marie-Antoinette\u00a0\u00bb\u00a0!<\/p>\n<p style=\"text-align: center;\"><img loading=\"lazy\" decoding=\"async\" class=\"aligncenter\" title=\"DSC00147\" src=\"http:\/\/blog.option.culture.marrot.org\/wp-content\/uploads\/2009\/08\/DSC00147-150x150.jpg\" alt=\"DSC00147\" width=\"150\" height=\"150\" \/><\/p>\n<p>Est-ce vraiment la meilleure mani\u00e8re pour les entreprises de manifester leur g\u00e9n\u00e9rosit\u00e9\u00a0? \u00a0<\/p>\n<p>Lire \u00e9galement \u00e0 ce sujet :\u00a0\u00a0\u00a0\u00a0\u00a0\u00a0\u00a0\u00a0\u00a0\u00a0\u00a0\u00a0\u00a0\u00a0\u00a0\u00a0\u00a0\u00a0\u00a0\u00a0\u00a0\u00a0\u00a0\u00a0\u00a0\u00a0\u00a0\u00a0\u00a0 <a href=\"http:\/\/www.latribunedelart.com\/Editoriaux\/Editoriaux_2009\/Breguet_528.htm\">http:\/\/www.latribunedelart.com\/Editoriaux\/Editoriaux_2009\/Breguet_528.htm<\/a>.<\/p>\n<p>Connaissez-vous des cas similaires\u00a0?<\/p>\n","protected":false},"excerpt":{"rendered":"<p>Vous pensez peut-\u00eatre que la restauration continue de Versailles est principalement due au travail, au d\u00e9vouement et aux comp\u00e9tences des professionnels du ch\u00e2teau et aux aides des pouvoirs publics, sans compter l\u2019association des amis. \u00c0 quoi il faut bien s\u00fbr ajouter les nombreux m\u00e9c\u00e8nes qui se sont succ\u00e9d\u00e9 dans l\u2019histoire de l\u2019institution. Dans la lign\u00e9e [&hellip;]<\/p>\n","protected":false},"author":2,"featured_media":0,"comment_status":"open","ping_status":"open","sticky":false,"template":"","format":"standard","meta":{"footnotes":""},"categories":[21,11,13,5],"tags":[],"class_list":["post-194","post","type-post","status-publish","format-standard","hentry","category-financement","category-mecenat","category-patrimoine","category-philanthropie"],"_links":{"self":[{"href":"https:\/\/www.option-culture.com\/index.php?rest_route=\/wp\/v2\/posts\/194","targetHints":{"allow":["GET"]}}],"collection":[{"href":"https:\/\/www.option-culture.com\/index.php?rest_route=\/wp\/v2\/posts"}],"about":[{"href":"https:\/\/www.option-culture.com\/index.php?rest_route=\/wp\/v2\/types\/post"}],"author":[{"embeddable":true,"href":"https:\/\/www.option-culture.com\/index.php?rest_route=\/wp\/v2\/users\/2"}],"replies":[{"embeddable":true,"href":"https:\/\/www.option-culture.com\/index.php?rest_route=%2Fwp%2Fv2%2Fcomments&post=194"}],"version-history":[{"count":0,"href":"https:\/\/www.option-culture.com\/index.php?rest_route=\/wp\/v2\/posts\/194\/revisions"}],"wp:attachment":[{"href":"https:\/\/www.option-culture.com\/index.php?rest_route=%2Fwp%2Fv2%2Fmedia&parent=194"}],"wp:term":[{"taxonomy":"category","embeddable":true,"href":"https:\/\/www.option-culture.com\/index.php?rest_route=%2Fwp%2Fv2%2Fcategories&post=194"},{"taxonomy":"post_tag","embeddable":true,"href":"https:\/\/www.option-culture.com\/index.php?rest_route=%2Fwp%2Fv2%2Ftags&post=194"}],"curies":[{"name":"wp","href":"https:\/\/api.w.org\/{rel}","templated":true}]}}