{"id":1891,"date":"2010-06-15T08:00:32","date_gmt":"2010-06-15T06:00:32","guid":{"rendered":"http:\/\/blog.option.culture.marrot.org\/?p=1891"},"modified":"2010-06-15T08:00:32","modified_gmt":"2010-06-15T06:00:32","slug":"inalienabilite-des-collections","status":"publish","type":"post","link":"https:\/\/www.option-culture.com\/?p=1891","title":{"rendered":"Inali\u00e9nabilit\u00e9 des collections"},"content":{"rendered":"<p>Notre billet du 12 ao\u00fbt 2009 (<em>Peut-on vendre les \u0153uvres des mus\u00e9es ?<\/em>) annon\u00e7ait le colloque organis\u00e9 par mus\u00e9e de Mariemont (Belgique) : <a href=\"http:\/\/www.musee-mariemont.be\/accueil\/activites\/colloques\/linalienabilite_des_collections\">http:\/\/www.musee-mariemont.be\/accueil\/activites\/colloques\/linalienabilite_des_collections<\/a>.<\/p>\n<p>Nous disposons aujourd&rsquo;hui d&rsquo;une publication issue de cette journ\u00e9e d&rsquo;\u00e9tude : <span style=\"color: #000080;\">L&rsquo;inali\u00e9nabilit\u00e9 des collections de mus\u00e9e en question<\/span>, actes du colloque tenu au mus\u00e9e royal de Mariemont le 28 avril 2009, \u00e9dit\u00e9s par Fran\u00e7ois Mairesse, \u00e9ditions du mus\u00e9e de Mariemont (http:\/\/www.dessinoriginal.com\/2814-l-inalienabilite-des-collections-de-musee-en-question.html).<\/p>\n<p><a href=\"..\/wp-content\/uploads\/2010\/05\/Inali%C3%A9nabilit%C3%A9.jpg\"><img loading=\"lazy\" decoding=\"async\" class=\"aligncenter\" title=\"Inali\u00e9nabilit\u00e9\" src=\"..\/wp-content\/uploads\/2010\/05\/Inali%C3%A9nabilit%C3%A9.jpg\" alt=\"\" width=\"220\" height=\"279\" \/><\/a>En voici la pr\u00e9sentation :<\/p>\n<p style=\"text-align: justify;\"><em>L&rsquo;inali\u00e9nabilit\u00e9 : un principe indispensable ou \u00e0 remettre en cause ?  Vendre, c\u00e9der ou d\u00e9truire des collections de mus\u00e9e peut-il se concevoir ?  Selon quelle proc\u00e9dure ? Avec quels b\u00e9n\u00e9fices et quels risques ? Que  faire du produit d&rsquo;une possible vente ? Tous les objets sont-ils \u00e9gaux  face \u00e0 l&rsquo;ali\u00e9nation ? R\u00e9cemment, plusieurs projets visant \u00e0 modifier le  principe g\u00e9n\u00e9ral d&rsquo;inali\u00e9nabilit\u00e9 des collections de mus\u00e9e ont \u00e9t\u00e9 mis \u00e0  l&rsquo;ordre du jour, en France et en Belgique notamment. La question  interpelle ; elle rencontre, g\u00e9n\u00e9ralement, un refus cat\u00e9gorique de la  part des professionnels de ces pays. En vertu du code de d\u00e9ontologie de  l&rsquo;ICOM pour les mus\u00e9es, le retrait d&rsquo;un objet des collections, par la  cession, la vente ou la destruction ne peut \u00eatre envisag\u00e9 que si cela ne  porte aucun pr\u00e9judice \u00e0 la mission d&rsquo;int\u00e9r\u00eat public confi\u00e9e au mus\u00e9e.  Ce principe conna\u00eet des applications nuanc\u00e9es d&rsquo;un pays \u00e0 l&rsquo;autre.  Ainsi, les textes relatifs aux collections publiques italiennes et  espagnoles sont tr\u00e8s restrictifs. Aux Pays-Bas ou en Grande-Bretagne,  les op\u00e9rations de cession sont autoris\u00e9es, bien qu&rsquo;encadr\u00e9es et  limit\u00e9es. Ali\u00e9nation versus inali\u00e9nabilit\u00e9, fondements juridiques et  jurisprudence de la domanialit\u00e9 publique, exp\u00e9riences belges,  n\u00e9erlandaise et fran\u00e7aise, autant d&rsquo;aspects \u00e9voqu\u00e9s dans ce volume, qui  pr\u00e9sente les actes d&rsquo;un colloque organis\u00e9 au Mus\u00e9e royal de Mariemont,  au mois d&rsquo;avril 2009, ainsi qu&rsquo;un certain nombre d&rsquo;\u00e9tudes publi\u00e9es \u00e0 la  suite de celui-ci.<\/em><\/p>\n<p style=\"text-align: left;\">Notons qu&rsquo;un colloque s&rsquo;est tenu au mus\u00e9e du quai Branly sur le m\u00eame th\u00e8me les 2 et 3 mars 2010 : <span style=\"color: #000080;\">L\u2019inali\u00e9nabilit\u00e9 des collections publiques, performances et limites\u00a0? <\/span>Le programme de la conf\u00e9rence se trouve \u00e0 l&rsquo;adresse suivante : http:\/\/www.cecoji.cnrs.fr\/article.php3?id_article=206.<\/p>\n<p style=\"text-align: justify;\">On lira \u00e9galement sur le sujet, provenant du blog <span style=\"color: #000080;\">Mus\u00e9ologique <\/span>: http:\/\/museologique.blogspot.com\/2010\/05\/remise-des-tetes-maories-vers-une.html.<\/p>\n<p style=\"text-align: justify;\">Rappelons enfin l&rsquo;avis de <span style=\"color: #333399;\">Didier Rykner <\/span>sur ce sujet : http:\/\/www.latribunedelart.com\/une-loi-dangereuse-pour-l-inalienabilite-adoptee-par-le-parlement-article002563.html.<\/p>\n<p style=\"text-align: justify;\">Et vous, quelle est votre position \u00e0 ce propos ?<\/p>\n","protected":false},"excerpt":{"rendered":"<p>Notre billet du 12 ao\u00fbt 2009 (Peut-on vendre les \u0153uvres des mus\u00e9es ?) annon\u00e7ait le colloque organis\u00e9 par mus\u00e9e de Mariemont (Belgique) : http:\/\/www.musee-mariemont.be\/accueil\/activites\/colloques\/linalienabilite_des_collections. Nous disposons aujourd&rsquo;hui d&rsquo;une publication issue de cette journ\u00e9e d&rsquo;\u00e9tude : L&rsquo;inali\u00e9nabilit\u00e9 des collections de mus\u00e9e en question, actes du colloque tenu au mus\u00e9e royal de Mariemont le 28 avril 2009, [&hellip;]<\/p>\n","protected":false},"author":2,"featured_media":0,"comment_status":"open","ping_status":"open","sticky":false,"template":"","format":"standard","meta":{"footnotes":""},"categories":[26,21,18,16,13,8],"tags":[],"class_list":["post-1891","post","type-post","status-publish","format-standard","hentry","category-ethique-deontologie","category-financement","category-marche-de-lart","category-musees","category-patrimoine","category-publications"],"_links":{"self":[{"href":"https:\/\/www.option-culture.com\/index.php?rest_route=\/wp\/v2\/posts\/1891","targetHints":{"allow":["GET"]}}],"collection":[{"href":"https:\/\/www.option-culture.com\/index.php?rest_route=\/wp\/v2\/posts"}],"about":[{"href":"https:\/\/www.option-culture.com\/index.php?rest_route=\/wp\/v2\/types\/post"}],"author":[{"embeddable":true,"href":"https:\/\/www.option-culture.com\/index.php?rest_route=\/wp\/v2\/users\/2"}],"replies":[{"embeddable":true,"href":"https:\/\/www.option-culture.com\/index.php?rest_route=%2Fwp%2Fv2%2Fcomments&post=1891"}],"version-history":[{"count":0,"href":"https:\/\/www.option-culture.com\/index.php?rest_route=\/wp\/v2\/posts\/1891\/revisions"}],"wp:attachment":[{"href":"https:\/\/www.option-culture.com\/index.php?rest_route=%2Fwp%2Fv2%2Fmedia&parent=1891"}],"wp:term":[{"taxonomy":"category","embeddable":true,"href":"https:\/\/www.option-culture.com\/index.php?rest_route=%2Fwp%2Fv2%2Fcategories&post=1891"},{"taxonomy":"post_tag","embeddable":true,"href":"https:\/\/www.option-culture.com\/index.php?rest_route=%2Fwp%2Fv2%2Ftags&post=1891"}],"curies":[{"name":"wp","href":"https:\/\/api.w.org\/{rel}","templated":true}]}}