{"id":1774,"date":"2010-06-04T08:00:50","date_gmt":"2010-06-04T06:00:50","guid":{"rendered":"http:\/\/blog.option.culture.marrot.org\/?p=1774"},"modified":"2010-06-04T08:00:50","modified_gmt":"2010-06-04T06:00:50","slug":"1774","status":"publish","type":"post","link":"https:\/\/www.option-culture.com\/?p=1774","title":{"rendered":"La culture au risque du march\u00e9. Le m\u00e9c\u00e9nat face \u00e0 ses acteurs"},"content":{"rendered":"<p style=\"text-align: justify;\"><span style=\"color: #000080;\"><span style=\"color: #000000;\">Vient de para\u00eetre, sous la  direction de Jean-Pierre Allinne et Renaud Carrier, l&rsquo;ouvrage collectif <\/span><span style=\"color: #000080;\"><em>La culture au risque du march\u00e9. <\/em><\/span><\/span><span style=\"color: #000080;\"><span style=\"color: #000080;\"><em>Le m\u00e9c\u00e9nat face \u00e0  ses acteurs<\/em><\/span><span style=\"color: #000000;\"> (L&rsquo;Harmattan, 2010 ; <\/span><\/span>http:\/\/www.editions-harmattan.fr\/index.asp?navig=catalogue&amp;obj=numero&amp;no_revue=&amp;no=30825 ; <span style=\"color: #000080;\"><span style=\"color: #000000;\"> <\/span><\/span>ISBN\u00a0:\u00a0978-2-296-11324-4\u00a0\u2022 226\u00a0pages).<\/p>\n<p style=\"text-align: justify;\">L&rsquo;ouvrage fait suite \u00e0 un colloque  organis\u00e9 \u00e0 l&rsquo;universit\u00e9 de Pau en juin 2008 sous le titre :<em> Les deniers  de la culture. Le m\u00e9c\u00e9nat, nouveau paradigme ?<\/em><\/p>\n<p style=\"text-align: justify;\"><span style=\"color: #000080;\"><span style=\"color: #000000;\">Il comporte trois parties : <\/span><\/span><\/p>\n<div id=\"ctl00_ContentPlaceHolder1_ucInfosComplementaires_pSommaire\">\n<div>\n<div>\n<ul>\n<li>LES MUTATIONS DU MOD\u00c8LE CULTUREL FRAN\u00c7AIS<\/li>\n<li>LA  CULTURE, NOUVELLE TRIANGULATION, \u00c9TAT-COLLECTIVIT\u00c9S-ENTREPRISES<\/li>\n<li>FONDS  PRIVES, CONTRAINTES PUBLIQUES, QUELLES RENCONTRES ?<\/li>\n<\/ul>\n<\/div>\n<\/div>\n<\/div>\n<p style=\"text-align: justify;\"><a href=\"http:\/\/blog.option.culture.marrot.org\/wp-content\/uploads\/2010\/04\/M\u00e9c\u00e9nat-2010.jpg\"><img loading=\"lazy\" decoding=\"async\" class=\"aligncenter size-full wp-image-1778\" title=\"M\u00e9c\u00e9nat 2010\" src=\"http:\/\/blog.option.culture.marrot.org\/wp-content\/uploads\/2010\/04\/M\u00e9c\u00e9nat-2010.jpg\" alt=\"M\u00e9c\u00e9nat 2010\" width=\"232\" height=\"360\" srcset=\"https:\/\/www.option-culture.com\/wp-content\/uploads\/2010\/04\/M\u00e9c\u00e9nat-2010.jpg 290w, https:\/\/www.option-culture.com\/wp-content\/uploads\/2010\/04\/M\u00e9c\u00e9nat-2010-193x300.jpg 193w\" sizes=\"auto, (max-width: 232px) 100vw, 232px\" \/><\/a>En voici la pr\u00e9sentation :<\/p>\n<p style=\"text-align: justify;\"><em><span style=\"color: #000000;\">La tradition du m\u00e9c\u00e9nat d&rsquo;\u00c9tat a longtemps permis au secteur culturel  d&rsquo;\u00e9chapper au secteur marchand.<\/span><\/em><\/p>\n<p style=\"text-align: justify;\"><em><span style=\"color: #000000;\">La globalisation de l&rsquo;\u00e9conomie, la  place grandissante de la communication, la consommation culturelle de  masse font que le mod\u00e8le \u00e0 direction publique est aujourd&rsquo;hui  concurrenc\u00e9 par le mod\u00e8le de l&rsquo;entreprise priv\u00e9e et le paradigme  lib\u00e9ral.<\/span><\/em><\/p>\n<p style=\"text-align: justify;\"><em><span style=\"color: #000000;\">Souvent confondu avec le parrainage ou avec les fondations, le  m\u00e9c\u00e9nat avait mauvaise presse. Il pose de fait le d\u00e9licat probl\u00e8me du  statut des dons et de la n\u00e9cessaire d\u00e9ontologie \u00e0 observer dans la  gestion des \u00e9quipements culturels.<\/span><\/em><\/p>\n<p style=\"text-align: justify;\"><em><span style=\"color: #000000;\">Ce livre montre que les pratiques  commencent \u00e0 \u00e9voluer. La loi de 2003 a align\u00e9 la France sur le niveau de  ses voisins europ\u00e9ens quant \u00e0 la d\u00e9fiscalisation des dons. Surtout, le  m\u00e9c\u00e9nat en r\u00e9gion permet \u00e0 de petites entreprises de se grouper pour  soutenir des projets originaux.<\/span><\/em><\/p>\n<p style=\"text-align: justify;\"><em><span style=\"color: #000000;\">Le pr\u00e9sent ouvrage illustre le  changement d&rsquo;attitude des acteurs \u00e0 travers trois questionnements :<\/span><\/em><\/p>\n<ul>\n<li><em><span style=\"color: #000000;\">les  mutations du mod\u00e8le culturel fran\u00e7ais (I),<\/span><\/em><\/li>\n<li><em><span style=\"color: #000000;\">la nouvelle trilogie  \u00c9tat-collectivit\u00e9s-entreprises (II),<\/span><\/em><\/li>\n<li><em><span style=\"color: #000000;\">les rencontres in\u00e9dites entre fonds  priv\u00e9s et contraintes publiques (III).<\/span><\/em><\/li>\n<\/ul>\n<p><em><span style=\"color: #000000;\">Il concerne tant les  professionnels du secteur culturel que les lecteurs attentifs \u00e0 la  mutation fondamentale qui affecte aujourd&rsquo;hui la culture.<\/span><\/em><\/p>\n<p>Le  titre de notre article est le suivant : <span style=\"color: #000080;\">\u00ab\u00a0Le mod\u00e8le am\u00e9ricain de  financement de la culture est-il transposable \u00e0 la France ?\u00a0\u00bb<\/span><\/p>\n<p>A lire,  de <span style=\"color: #000080;\">Jean-Pierre  Allinne<\/span> :  http:\/\/www.artclair.com\/jda\/archives\/docs_article\/64947\/&#8211;s-inspirer-du-modele-anglais&#8211;.php<\/p>\n<p>A lire,  de <span style=\"color: #000080;\">Renaud  Carrier<\/span> : http:\/\/www.actu-cci.com\/article\/3366\/<\/p>\n","protected":false},"excerpt":{"rendered":"<p>Vient de para\u00eetre, sous la direction de Jean-Pierre Allinne et Renaud Carrier, l&rsquo;ouvrage collectif La culture au risque du march\u00e9. Le m\u00e9c\u00e9nat face \u00e0 ses acteurs (L&rsquo;Harmattan, 2010 ; http:\/\/www.editions-harmattan.fr\/index.asp?navig=catalogue&amp;obj=numero&amp;no_revue=&amp;no=30825 ; ISBN\u00a0:\u00a0978-2-296-11324-4\u00a0\u2022 226\u00a0pages). L&rsquo;ouvrage fait suite \u00e0 un colloque organis\u00e9 \u00e0 l&rsquo;universit\u00e9 de Pau en juin 2008 sous le titre : Les deniers de la [&hellip;]<\/p>\n","protected":false},"author":2,"featured_media":0,"comment_status":"open","ping_status":"open","sticky":false,"template":"","format":"standard","meta":{"footnotes":""},"categories":[21,11,5,12,8,19],"tags":[],"class_list":["post-1774","post","type-post","status-publish","format-standard","hentry","category-financement","category-mecenat","category-philanthropie","category-politique-culturelle","category-publications","category-usa"],"_links":{"self":[{"href":"https:\/\/www.option-culture.com\/index.php?rest_route=\/wp\/v2\/posts\/1774","targetHints":{"allow":["GET"]}}],"collection":[{"href":"https:\/\/www.option-culture.com\/index.php?rest_route=\/wp\/v2\/posts"}],"about":[{"href":"https:\/\/www.option-culture.com\/index.php?rest_route=\/wp\/v2\/types\/post"}],"author":[{"embeddable":true,"href":"https:\/\/www.option-culture.com\/index.php?rest_route=\/wp\/v2\/users\/2"}],"replies":[{"embeddable":true,"href":"https:\/\/www.option-culture.com\/index.php?rest_route=%2Fwp%2Fv2%2Fcomments&post=1774"}],"version-history":[{"count":0,"href":"https:\/\/www.option-culture.com\/index.php?rest_route=\/wp\/v2\/posts\/1774\/revisions"}],"wp:attachment":[{"href":"https:\/\/www.option-culture.com\/index.php?rest_route=%2Fwp%2Fv2%2Fmedia&parent=1774"}],"wp:term":[{"taxonomy":"category","embeddable":true,"href":"https:\/\/www.option-culture.com\/index.php?rest_route=%2Fwp%2Fv2%2Fcategories&post=1774"},{"taxonomy":"post_tag","embeddable":true,"href":"https:\/\/www.option-culture.com\/index.php?rest_route=%2Fwp%2Fv2%2Ftags&post=1774"}],"curies":[{"name":"wp","href":"https:\/\/api.w.org\/{rel}","templated":true}]}}