{"id":1630,"date":"2010-05-05T08:00:09","date_gmt":"2010-05-05T06:00:09","guid":{"rendered":"http:\/\/blog.option.culture.marrot.org\/?p=1630"},"modified":"2010-05-05T08:00:09","modified_gmt":"2010-05-05T06:00:09","slug":"lart-dans-la-mondialisation","status":"publish","type":"post","link":"https:\/\/www.option-culture.com\/?p=1630","title":{"rendered":"L\u2019art dans la mondialisation"},"content":{"rendered":"<p style=\"text-align: left;\">La revue <strong><span style=\"color: #000080;\">Questions internationales<\/span> <\/strong>(http:\/\/www.ladocumentationfrancaise.fr\/catalogue\/3303331600428\/) consacre son dernier num\u00e9ro \u00e0 la question de la mondialisation de l&rsquo;art et de la culture, \u00e0 travers un recueil de contributions comportant nombre d&rsquo;illustrations et de tableaux bienvenus.<\/p>\n<p><a href=\"http:\/\/blog.option.culture.marrot.org\/wp-content\/uploads\/2010\/04\/Mondialisation2.jpg\"><img loading=\"lazy\" decoding=\"async\" class=\"aligncenter size-full wp-image-1710\" title=\"Mondialisation\" src=\"http:\/\/blog.option.culture.marrot.org\/wp-content\/uploads\/2010\/04\/Mondialisation2.jpg\" alt=\"Mondialisation\" width=\"121\" height=\"160\" \/><\/a><\/p>\n<p>En voici le sommaire :<\/p>\n<p>&#8211; Ouverture. L&rsquo;art au prisme de la mondialisation<em> (Serge Sur)<\/em><br \/>\n&#8211; L&rsquo;\u00e9volution du concept d&rsquo;\u0153uvre d&rsquo;art <em>(Jean Galard)<\/em><br \/>\n&#8211; L&rsquo;extension des lieux de l&rsquo;art de l&rsquo;Europe au reste du monde <em>(Thierry  Laurent)<\/em><br \/>\n&#8211; Les grands mus\u00e9es, acteurs des relations internationales ? <em>(Jean-Michel  Tobelem)<\/em><br \/>\n&#8211; La place de Paris dans le march\u00e9 mondial de l&rsquo;art et des ench\u00e8res <em>(Entretien  avec Fran\u00e7ois Curiel)<\/em><br \/>\n&#8211; Le march\u00e9 de l&rsquo;art : une mondialisation en trompe-l&rsquo;\u0153il <em>(Alain  Quemin)<\/em><br \/>\n&#8211; La structure et le fonctionnement du march\u00e9 mondial de l&rsquo;art <em>(Muriel  De Vri\u00e8se)<\/em><br \/>\n&#8211; Le trafic international des \u0153uvres d&rsquo;art <em>(Pierre Tabel)<\/em><br \/>\n&#8211; Les enjeux internationaux li\u00e9s \u00e0 la restitution et au retour des  \u0153uvres d&rsquo;art <em>(\u00c9douard Planche)<\/em><br \/>\n<strong><em>Questions europ\u00e9ennes<\/em><\/strong><em> <\/em><br \/>\n&#8211; Les nouveaux horizons de la diplomatie turque <em>(Doroth\u00e9e Schmid)<\/em><br \/>\n<strong><em>Regards sur le monde<\/em><\/strong><em> <\/em><br \/>\n&#8211; Le secr\u00e9taire g\u00e9n\u00e9ral des Nations Unies : un mode d&rsquo;\u00e9lection opaque et  contest\u00e9 <em>(Th\u00e9r\u00e8se Gastaut)<\/em><br \/>\n&#8211; La guerre \u00e9conomique, du concept \u00e0 la r\u00e9alit\u00e9<em> (Pascal Gauchon et  Fr\u00e9d\u00e9ric Munier)<\/em><br \/>\n<strong><em>Histoires de Questions internationales<\/em><\/strong><em> <\/em><br \/>\n&#8211; Art et diplomatie en Europe : de la Renaissance \u00e0 la R\u00e9volution  fran\u00e7aise <em>(Lucien B\u00e9ly)<\/em><br \/>\n<strong><em>Document de r\u00e9f\u00e9rence<\/em><\/strong><em> <\/em><br \/>\n&#8211; Vivant Denon et les restitutions de 1815 <em>(extraits)<\/em><\/p>\n<p>Questions internationales, <em>L&rsquo;art dans la mondialisation<\/em> (n\u00b0 42 mars-avril 2010), La Documentation fran\u00e7aise.<\/p>\n<p>R\u00e9f.\u00a0: 3303331600428, 128 pages,  \t\t\t\t\t\t\t  \t\t\t\t\t\t\t19&#215;25 cm, ISSN : 1761-714.<\/p>\n<p>Voici, pour nos amis anglophones, le <span style=\"color: #000080;\">r\u00e9sum\u00e9 en anglais<\/span> de notre article propos\u00e9 par la revue :<\/p>\n<p style=\"text-align: justify;\"><em>Globalisation has radically changed the role played by the world&rsquo;s great museums. All these cultural institutions have a significant international dimension, whether in the circulation of art works, their legal or financial framework or their communication policies. The developpment of major museum projects abroad is becoming a decisive element in their influence worldwide. The complexity of the cultural, financial, and &#8211; often diplomatic &#8211; implications of the projects is nonetheless often pointed out and demands greater convergence in the strategy of these players.<\/em><\/p>\n<p>Vos r\u00e9actions concernant ce dossier sont attendues.<\/p>\n","protected":false},"excerpt":{"rendered":"<p>La revue Questions internationales (http:\/\/www.ladocumentationfrancaise.fr\/catalogue\/3303331600428\/) consacre son dernier num\u00e9ro \u00e0 la question de la mondialisation de l&rsquo;art et de la culture, \u00e0 travers un recueil de contributions comportant nombre d&rsquo;illustrations et de tableaux bienvenus. En voici le sommaire : &#8211; Ouverture. L&rsquo;art au prisme de la mondialisation (Serge Sur) &#8211; L&rsquo;\u00e9volution du concept d&rsquo;\u0153uvre d&rsquo;art [&hellip;]<\/p>\n","protected":false},"author":2,"featured_media":0,"comment_status":"open","ping_status":"open","sticky":false,"template":"","format":"standard","meta":{"footnotes":""},"categories":[6,18,16,13,8],"tags":[],"class_list":["post-1630","post","type-post","status-publish","format-standard","hentry","category-diplomatie-culturelle","category-marche-de-lart","category-musees","category-patrimoine","category-publications"],"_links":{"self":[{"href":"https:\/\/www.option-culture.com\/index.php?rest_route=\/wp\/v2\/posts\/1630","targetHints":{"allow":["GET"]}}],"collection":[{"href":"https:\/\/www.option-culture.com\/index.php?rest_route=\/wp\/v2\/posts"}],"about":[{"href":"https:\/\/www.option-culture.com\/index.php?rest_route=\/wp\/v2\/types\/post"}],"author":[{"embeddable":true,"href":"https:\/\/www.option-culture.com\/index.php?rest_route=\/wp\/v2\/users\/2"}],"replies":[{"embeddable":true,"href":"https:\/\/www.option-culture.com\/index.php?rest_route=%2Fwp%2Fv2%2Fcomments&post=1630"}],"version-history":[{"count":0,"href":"https:\/\/www.option-culture.com\/index.php?rest_route=\/wp\/v2\/posts\/1630\/revisions"}],"wp:attachment":[{"href":"https:\/\/www.option-culture.com\/index.php?rest_route=%2Fwp%2Fv2%2Fmedia&parent=1630"}],"wp:term":[{"taxonomy":"category","embeddable":true,"href":"https:\/\/www.option-culture.com\/index.php?rest_route=%2Fwp%2Fv2%2Fcategories&post=1630"},{"taxonomy":"post_tag","embeddable":true,"href":"https:\/\/www.option-culture.com\/index.php?rest_route=%2Fwp%2Fv2%2Ftags&post=1630"}],"curies":[{"name":"wp","href":"https:\/\/api.w.org\/{rel}","templated":true}]}}