{"id":1398,"date":"2010-01-04T08:00:46","date_gmt":"2010-01-04T06:00:46","guid":{"rendered":"http:\/\/blog.option.culture.marrot.org\/?p=1398"},"modified":"2010-01-04T08:00:46","modified_gmt":"2010-01-04T06:00:46","slug":"politiques-tarifaires-et-gratuite-ou-en-sommes-nous","status":"publish","type":"post","link":"https:\/\/www.option-culture.com\/?p=1398","title":{"rendered":"Politiques tarifaires et gratuit\u00e9 : o\u00f9 en sommes-nous ?"},"content":{"rendered":"<p style=\"text-align: justify;\"><a href=\"http:\/\/blog.option.culture.marrot.org\/wp-content\/uploads\/2010\/01\/Dole.jpg\"><\/a>L&rsquo;universit\u00e9 de Franche-Comt\u00e9\/Universit\u00e9 de Bourgogne organise, ce jeudi 7 janvier 2010, une journ\u00e9e d\u2019\u00e9tude concernant la question des politiques tarifaires et de la gratuit\u00e9, de 9h30 \u00e0 16h30 \u00e0 la salle des f\u00eates de Dole (salle en mezzanine), dans le cadre d\u2019un s\u00e9minaire commun de l\u2019Universit\u00e9 de Bourgogne\/IUP Denis Diderot et de l\u2019Universit\u00e9 de Franche-Comt\u00e9\/Licence Professionnelle D\u00e9veloppement et protection du patrimoine culturel (METI).<\/p>\n<p style=\"text-align: justify;\">Selon\u00a0ses organisateurs, \u00ab\u00a0cette journ\u00e9e se propose de revenir avec s\u00e9r\u00e9nit\u00e9 sur la question de la gratuit\u00e9 \u00e0 partir de l\u2019analyse de r\u00e9sultats d\u2019\u00e9tudes &#8211; apr\u00e8s la phase d\u2019exp\u00e9rimentation conduite en 2008 dans les mus\u00e9es nationaux et l\u2019enqu\u00eate r\u00e9alis\u00e9e par Jacqueline Eidelman et Beno\u00eet Ceroux pour la Direction des Mus\u00e9es de France &#8211; et de discuter des effets suppos\u00e9s en termes de d\u00e9mocratisation\u00a0\u00bb.<\/p>\n<p style=\"text-align: center;\"><img loading=\"lazy\" decoding=\"async\" class=\"aligncenter\" title=\"Dole\" src=\"http:\/\/blog.option.culture.marrot.org\/wp-content\/uploads\/2010\/01\/Dole.jpg\" alt=\"Dole\" width=\"389\" height=\"48\" \/><\/p>\n<p>\u00a0Le programme de la journ\u00e9e est le suivant\u00a0:<\/p>\n<ul>\n<li><em>Sociologie de la gratuit\u00e9 des mus\u00e9es et monuments\u00a0: la mobilisation des visiteurs fran\u00e7ais &#8211; <\/em>Jacqueline Eidelman (Professeur, Universit\u00e9 de Paris Descartes)<\/li>\n<li><em>La gratuit\u00e9 du c\u00f4t\u00e9 des publics &#8211; <\/em>Dominique Bourgeon-Renault (Professeur, Universit\u00e9 de Bourgogne)<\/li>\n<li><em>La gratuit\u00e9, un parcours libre entre le droit, la dette et le devoir &#8211; <\/em>Claude Fourteau (ancienne responsable des services des publics du Centre Pompidou\/Mus\u00e9e du Louvre)<\/li>\n<li><em>Le droit d\u2019entr\u00e9e dans la perspective du don\u00a0&#8211; <\/em>Fran\u00e7ois Mairesse (Directeur du mus\u00e9e Royal de Mariemont \u2013 Belgique)<\/li>\n<li><em>Economie de la gratuit\u00e9 et enjeux de d\u00e9veloppement &#8211;\u00a0<\/em>Jean-Michel Tobelem (directeur d\u2019Option Culture, ing\u00e9nierie culturelle et touristique)<\/li>\n<\/ul>\n<p>Mod\u00e9rateurs et intervenants t\u00e9moins\u00a0:<\/p>\n<ul>\n<li>Serge Chaumier (Professeur \u00e0 l\u2019Universit\u00e9 de Bourgogne)<\/li>\n<li>Olivier Th\u00e9venin (Ma\u00eetre de Conf\u00e9rences \u00e0 l\u2019Universit\u00e9 de Franche-Comt\u00e9)<\/li>\n<li>Alain Chevenez (Ma\u00eetre de Conf\u00e9rences \u00e0 l\u2019Universit\u00e9 de Bourgogne)<\/li>\n<\/ul>\n<p style=\"text-align: justify;\">Si vous souhaitez obtenir de plus amples renseignements relatifs au programme de cette journ\u00e9e et des \u00e9l\u00e9ments d\u2019information \u00e0 caract\u00e8re pratique (d\u00e9placements, plan de la ville de Dole\u2026) vous pouvez vous rendre sur le site Internet <em>Publics de la Culture.Com <\/em>:\u00a0<a href=\"http:\/\/www.publicsdelaculture.com\">http:\/\/www.publicsdelaculture.com<\/a>.<\/p>\n<p style=\"text-align: justify;\">Contacts organisateurs : <a href=\"mailto:olivier.thevenin@univ-fcomte.fr\">olivier.thevenin@univ-fcomte.fr<\/a> et <a href=\"mailto:alexis.hajdukiewicz@club-internet.fr\">alexis.hajdukiewicz@club-internet.fr<\/a>, Universit\u00e9 de Franche-Comt\u00e9, UFR SLHS ; 32, Rue M\u00e9gevand 25030 Besan\u00e7on Cedex,\u00a0Universit\u00e9 de Bourgogne \/ IUP Denis Diderot Universit\u00e9 de Franche-Comt\u00e9 Licence Professionnelle D\u00e9veloppement et protection du patrimoine culturel (METI).<\/p>\n","protected":false},"excerpt":{"rendered":"<p>L&rsquo;universit\u00e9 de Franche-Comt\u00e9\/Universit\u00e9 de Bourgogne organise, ce jeudi 7 janvier 2010, une journ\u00e9e d\u2019\u00e9tude concernant la question des politiques tarifaires et de la gratuit\u00e9, de 9h30 \u00e0 16h30 \u00e0 la salle des f\u00eates de Dole (salle en mezzanine), dans le cadre d\u2019un s\u00e9minaire commun de l\u2019Universit\u00e9 de Bourgogne\/IUP Denis Diderot et de l\u2019Universit\u00e9 de Franche-Comt\u00e9\/Licence [&hellip;]<\/p>\n","protected":false},"author":2,"featured_media":0,"comment_status":"open","ping_status":"open","sticky":false,"template":"","format":"standard","meta":{"footnotes":""},"categories":[17,16,13,12,23,14],"tags":[],"class_list":["post-1398","post","type-post","status-publish","format-standard","hentry","category-colloques","category-musees","category-patrimoine","category-politique-culturelle","category-publics","category-tarification-gratuite"],"_links":{"self":[{"href":"https:\/\/www.option-culture.com\/index.php?rest_route=\/wp\/v2\/posts\/1398","targetHints":{"allow":["GET"]}}],"collection":[{"href":"https:\/\/www.option-culture.com\/index.php?rest_route=\/wp\/v2\/posts"}],"about":[{"href":"https:\/\/www.option-culture.com\/index.php?rest_route=\/wp\/v2\/types\/post"}],"author":[{"embeddable":true,"href":"https:\/\/www.option-culture.com\/index.php?rest_route=\/wp\/v2\/users\/2"}],"replies":[{"embeddable":true,"href":"https:\/\/www.option-culture.com\/index.php?rest_route=%2Fwp%2Fv2%2Fcomments&post=1398"}],"version-history":[{"count":0,"href":"https:\/\/www.option-culture.com\/index.php?rest_route=\/wp\/v2\/posts\/1398\/revisions"}],"wp:attachment":[{"href":"https:\/\/www.option-culture.com\/index.php?rest_route=%2Fwp%2Fv2%2Fmedia&parent=1398"}],"wp:term":[{"taxonomy":"category","embeddable":true,"href":"https:\/\/www.option-culture.com\/index.php?rest_route=%2Fwp%2Fv2%2Fcategories&post=1398"},{"taxonomy":"post_tag","embeddable":true,"href":"https:\/\/www.option-culture.com\/index.php?rest_route=%2Fwp%2Fv2%2Ftags&post=1398"}],"curies":[{"name":"wp","href":"https:\/\/api.w.org\/{rel}","templated":true}]}}