{"id":1396,"date":"2010-07-22T08:00:14","date_gmt":"2010-07-22T06:00:14","guid":{"rendered":"http:\/\/blog.option.culture.marrot.org\/?p=1396"},"modified":"2010-07-22T08:00:14","modified_gmt":"2010-07-22T06:00:14","slug":"vous-avez-dit-organisation-culturelle-de-marche-5","status":"publish","type":"post","link":"https:\/\/www.option-culture.com\/?p=1396","title":{"rendered":"Vous avez dit \u00ab organisation culturelle de march\u00e9 \u00bb ? (5)"},"content":{"rendered":"<p style=\"text-align: justify;\">Pour clore cette s\u00e9rie de billets, rappelons qu&rsquo;\u00e0 travers le concept d\u2019\u00ab\u00a0organisation culturelle de march\u00e9\u00a0\u00bb, nous avons souhait\u00e9 montrer\u00a0 :<\/p>\n<ul>\n<li>que nombre de mus\u00e9es, de\u00a0monuments et\u00a0autres sites culturels ne sont pas seulement entr\u00e9s dans une logique de modernisation et de rationalisation\u00a0;<\/li>\n<li>que l\u2019ensemble de l\u2019organisation est concern\u00e9e, en particulier \u2013 mais pas seulement \u2013 dans sa dimension gestionnaire\u00a0;<\/li>\n<li>que c\u2019est bien toute l\u2019activit\u00e9 du site culturel qui est confront\u00e9e \u00e0 la logique du march\u00e9, en tant que lieu de rencontre d\u2019une offre et d\u2019une demande\u00a0: les visites, les expositions, les collections, la programmation, le financement, le personnel.<\/li>\n<\/ul>\n<p style=\"text-align: justify;\">Cela signifie \u00e9galement qu\u2019un rapprochement s\u2019est op\u00e9r\u00e9 avec le monde du loisir, de la consommation et du divertissement\u00a0; mais que, pour autant, les sites culturels ne sont pas des entreprises commerciales, s\u2019agissant d\u2019institutions (publiques ou priv\u00e9es) \u00e0 but non lucratif.<\/p>\n<p style=\"text-align: justify;\">Outre la pr\u00e9sentation du concept dans notre livre <em>Le nouvel \u00e2ge des mus\u00e9es, les institutions culturelles au d\u00e9fi de la gestion <\/em>(Armand Colin, r\u00e9\u00e9dition 2010), nous mentionnerons \u00e9galement un article (<span style=\"color: #333399;\"><em>Les mutations du management des sites culturels, retour sur le concept d'\u00a0\u00bborganisation culturelle de march\u00e9\u00a0\u00bb<\/em><\/span>) paru dans l\u2019ouvrage collectif <em>Les nouveaux d\u00e9fis du manager public. Conduire le changement, ma\u00eetriser la gestion, dynamiser le territoire<\/em>, coordonn\u00e9 par Henri Mah\u00e9 de Boislandelle et Isabelle Bories-Azeau : <a href=\"http:\/\/www.editions-harmattan.fr\/index.asp?navig=catalogue&amp;obj=livre&amp;no=30092\">http:\/\/www.editions-harmattan.fr\/index.asp?navig=catalogue&amp;obj=livre&amp;no=30092<\/a>.<\/p>\n<p style=\"text-align: justify;\"><a href=\"http:\/\/blog.option.culture.marrot.org\/wp-content\/uploads\/2010\/04\/Manager-public-2.jpg\"><img loading=\"lazy\" decoding=\"async\" class=\"aligncenter size-full wp-image-1650\" title=\"Manager public 2\" src=\"http:\/\/blog.option.culture.marrot.org\/wp-content\/uploads\/2010\/04\/Manager-public-2.jpg\" alt=\"Manager public 2\" width=\"270\" height=\"270\" srcset=\"https:\/\/www.option-culture.com\/wp-content\/uploads\/2010\/04\/Manager-public-2.jpg 300w, https:\/\/www.option-culture.com\/wp-content\/uploads\/2010\/04\/Manager-public-2-150x150.jpg 150w\" sizes=\"auto, (max-width: 270px) 100vw, 270px\" \/><\/a><\/p>\n<p style=\"text-align: justify;\">En voici la pr\u00e9sentation :<\/p>\n<p style=\"text-align: justify;\"><span style=\"color: #000080;\">Cet ouvrage est n\u00e9 d&rsquo;un colloque organis\u00e9 \u00e0 Montpellier par la Facult\u00e9  d&rsquo;Administration \u00c9conomique et Sociale en 2006. L&rsquo;objectif \u00e9tait de  susciter une r\u00e9flexion sur les nouveaux enjeux du management public en  confrontant les approches d&rsquo;universitaires et de praticiens autour de  trois th\u00e9matiques d&rsquo;actualit\u00e9 : la conduite du changement dans les  organisations publiques ; l&rsquo;appropriation des outils de gestion par le  manager public ; le territoire, nouvel enjeu du management public. Cet  ouvrage propose ainsi une centration nouvelle et originale sur le  manager public et notamment sur la responsabilisation des cadres  dirigeants r\u00e9sultant de la logique manag\u00e9riale introduite par les  r\u00e9formes successives du secteur public.<\/span><\/p>\n","protected":false},"excerpt":{"rendered":"<p>Pour clore cette s\u00e9rie de billets, rappelons qu&rsquo;\u00e0 travers le concept d\u2019\u00ab\u00a0organisation culturelle de march\u00e9\u00a0\u00bb, nous avons souhait\u00e9 montrer\u00a0 : que nombre de mus\u00e9es, de\u00a0monuments et\u00a0autres sites culturels ne sont pas seulement entr\u00e9s dans une logique de modernisation et de rationalisation\u00a0; que l\u2019ensemble de l\u2019organisation est concern\u00e9e, en particulier \u2013 mais pas seulement \u2013 dans [&hellip;]<\/p>\n","protected":false},"author":2,"featured_media":0,"comment_status":"open","ping_status":"open","sticky":false,"template":"","format":"standard","meta":{"footnotes":""},"categories":[10,16,13,12,8],"tags":[],"class_list":["post-1396","post","type-post","status-publish","format-standard","hentry","category-management","category-musees","category-patrimoine","category-politique-culturelle","category-publications"],"_links":{"self":[{"href":"https:\/\/www.option-culture.com\/index.php?rest_route=\/wp\/v2\/posts\/1396","targetHints":{"allow":["GET"]}}],"collection":[{"href":"https:\/\/www.option-culture.com\/index.php?rest_route=\/wp\/v2\/posts"}],"about":[{"href":"https:\/\/www.option-culture.com\/index.php?rest_route=\/wp\/v2\/types\/post"}],"author":[{"embeddable":true,"href":"https:\/\/www.option-culture.com\/index.php?rest_route=\/wp\/v2\/users\/2"}],"replies":[{"embeddable":true,"href":"https:\/\/www.option-culture.com\/index.php?rest_route=%2Fwp%2Fv2%2Fcomments&post=1396"}],"version-history":[{"count":0,"href":"https:\/\/www.option-culture.com\/index.php?rest_route=\/wp\/v2\/posts\/1396\/revisions"}],"wp:attachment":[{"href":"https:\/\/www.option-culture.com\/index.php?rest_route=%2Fwp%2Fv2%2Fmedia&parent=1396"}],"wp:term":[{"taxonomy":"category","embeddable":true,"href":"https:\/\/www.option-culture.com\/index.php?rest_route=%2Fwp%2Fv2%2Fcategories&post=1396"},{"taxonomy":"post_tag","embeddable":true,"href":"https:\/\/www.option-culture.com\/index.php?rest_route=%2Fwp%2Fv2%2Ftags&post=1396"}],"curies":[{"name":"wp","href":"https:\/\/api.w.org\/{rel}","templated":true}]}}