{"id":1388,"date":"2010-01-08T08:00:51","date_gmt":"2010-01-08T06:00:51","guid":{"rendered":"http:\/\/blog.option.culture.marrot.org\/?p=1388"},"modified":"2010-01-08T08:00:51","modified_gmt":"2010-01-08T06:00:51","slug":"vous-avez-dit-organisation-culturelle-de-marche-1","status":"publish","type":"post","link":"https:\/\/www.option-culture.com\/?p=1388","title":{"rendered":"Vous avez dit Organisation culturelle de march\u00e9 ? (1)"},"content":{"rendered":"<p style=\"text-align: justify;\">Depuis que nous avons forg\u00e9 le concept d\u2019organisation culturelle de march\u00e9 (OCM), \u00e0 l\u2019occasion d\u2019une th\u00e8se de doctorat en sciences de gestion, ce terme a \u00e9t\u00e9 parfois mal compris ou mal interpr\u00e9t\u00e9. Il ne semble donc pas inutile d\u2019y revenir.<\/p>\n<p style=\"text-align: justify;\">L\u2019origine du concept provient des transformations des sites culturels, marqu\u00e9es par les ph\u00e9nom\u00e8nes suivants\u00a0: diversification des missions, imp\u00e9ratifs financiers croissants, transformation des structures juridiques, complexit\u00e9 organisationnelle grandissante, responsabilit\u00e9 accrue \u00e0 l\u2019\u00e9gard des fonds publics, apparition de nouvelles strat\u00e9gies, exigences d\u2019ouverture \u00e0 de nouveaux publics, d\u00e9veloppement des proc\u00e9dures de contractualisation et d\u2019\u00e9valuation, renforcement des contr\u00f4les, essor des activit\u00e9s commerciales (<a href=\"http:\/\/www.espacestemps.net\/document1878.html\">http:\/\/www.espacestemps.net\/document1878.html<\/a>).<\/p>\n<p style=\"text-align: justify;\">Pour autant, les mus\u00e9es ou les monuments sont avant tout des institutions sans but lucratif, ce qui interdit \u2013 en toute rigueur \u2013 de parler d\u2019\u00ab\u00a0entreprises\u00a0\u00bb \u00e0 leur sujet, m\u00eame si elles font une place grandissante \u00e0 une d\u00e9marche \u00ab\u00a0entrepreneuriale\u00a0\u00bb.<\/p>\n<p style=\"text-align: justify;\">Au-del\u00e0 d\u2019un d\u00e9placement des fronti\u00e8res entre secteur marchand et non marchand, il semble par cons\u00e9quent n\u00e9cessaire de proposer un concept capable de d\u00e9crire des institutions hybrides \u00e9voluant entre le service du public et l\u2019insertion dans le march\u00e9, comme nous le pr\u00e9ciserons dans un prochain billet.<\/p>\n","protected":false},"excerpt":{"rendered":"<p>Depuis que nous avons forg\u00e9 le concept d\u2019organisation culturelle de march\u00e9 (OCM), \u00e0 l\u2019occasion d\u2019une th\u00e8se de doctorat en sciences de gestion, ce terme a \u00e9t\u00e9 parfois mal compris ou mal interpr\u00e9t\u00e9. Il ne semble donc pas inutile d\u2019y revenir. L\u2019origine du concept provient des transformations des sites culturels, marqu\u00e9es par les ph\u00e9nom\u00e8nes suivants\u00a0: diversification [&hellip;]<\/p>\n","protected":false},"author":2,"featured_media":0,"comment_status":"open","ping_status":"open","sticky":false,"template":"","format":"standard","meta":{"footnotes":""},"categories":[10,16,13,24],"tags":[],"class_list":["post-1388","post","type-post","status-publish","format-standard","hentry","category-management","category-musees","category-patrimoine","category-strategie"],"_links":{"self":[{"href":"https:\/\/www.option-culture.com\/index.php?rest_route=\/wp\/v2\/posts\/1388","targetHints":{"allow":["GET"]}}],"collection":[{"href":"https:\/\/www.option-culture.com\/index.php?rest_route=\/wp\/v2\/posts"}],"about":[{"href":"https:\/\/www.option-culture.com\/index.php?rest_route=\/wp\/v2\/types\/post"}],"author":[{"embeddable":true,"href":"https:\/\/www.option-culture.com\/index.php?rest_route=\/wp\/v2\/users\/2"}],"replies":[{"embeddable":true,"href":"https:\/\/www.option-culture.com\/index.php?rest_route=%2Fwp%2Fv2%2Fcomments&post=1388"}],"version-history":[{"count":0,"href":"https:\/\/www.option-culture.com\/index.php?rest_route=\/wp\/v2\/posts\/1388\/revisions"}],"wp:attachment":[{"href":"https:\/\/www.option-culture.com\/index.php?rest_route=%2Fwp%2Fv2%2Fmedia&parent=1388"}],"wp:term":[{"taxonomy":"category","embeddable":true,"href":"https:\/\/www.option-culture.com\/index.php?rest_route=%2Fwp%2Fv2%2Fcategories&post=1388"},{"taxonomy":"post_tag","embeddable":true,"href":"https:\/\/www.option-culture.com\/index.php?rest_route=%2Fwp%2Fv2%2Ftags&post=1388"}],"curies":[{"name":"wp","href":"https:\/\/api.w.org\/{rel}","templated":true}]}}