{"id":1307,"date":"2009-12-15T08:00:01","date_gmt":"2009-12-15T06:00:01","guid":{"rendered":"http:\/\/blog.option.culture.marrot.org\/?p=1307"},"modified":"2009-12-15T08:00:01","modified_gmt":"2009-12-15T06:00:01","slug":"derives-commerciales-les-musees-marchands","status":"publish","type":"post","link":"https:\/\/www.option-culture.com\/?p=1307","title":{"rendered":"D\u00e9rives commerciales : les mus\u00e9es marchands"},"content":{"rendered":"<p style=\"text-align: justify;\"><a href=\"http:\/\/blog.option.culture.marrot.org\/wp-content\/uploads\/2009\/12\/Regards.jpg\"><\/a>Sous la plume de la journaliste Marion Rousset, le mensuel <em>Regards<\/em> (n\u00b0 67, d\u00e9cembre 2009) publie un article sur l&rsquo;\u00e9volution de certains grands \u00e9tablissements culturels\u00a0<\/p>\n<p style=\"text-align: justify;\">(<a href=\"http:\/\/www.regards.fr\/archive\/issue\/?id=91\">http:\/\/www.regards.fr\/archive\/issue\/?id=91<\/a>).<\/p>\n<p style=\"text-align: justify;\">Voici son texte d&rsquo;introduction :\u00a0<\/p>\n<p style=\"text-align: justify;\">\u00ab\u00a0Mus\u00e9es et monuments historiques usent et abusent de pratiques commerciales \u00e9prouv\u00e9es dans le priv\u00e9. Une tendance qui puise aussi sa source dans les contraintes politiques qui p\u00e8sent sur eux. Enqu\u00eate sur les formes contemporaines du management culturel.\u00a0\u00bb<\/p>\n<p style=\"text-align: center;\"><img loading=\"lazy\" decoding=\"async\" class=\"aligncenter\" title=\"Regards\" src=\"http:\/\/blog.option.culture.marrot.org\/wp-content\/uploads\/2009\/12\/Regards.jpg\" alt=\"Regards\" width=\"137\" height=\"175\" \/><\/p>\n<p style=\"text-align: justify;\">Parmi les questions abord\u00e9es :<\/p>\n<ul>\n<li>\n<div style=\"text-align: justify;\">les tarifs<\/div>\n<\/li>\n<li>\n<div style=\"text-align: justify;\">les expositions<\/div>\n<\/li>\n<li>\n<div style=\"text-align: justify;\">les activit\u00e9s commerciales<\/div>\n<\/li>\n<\/ul>\n<p style=\"text-align: justify;\">A ce propos, le d\u00e9but de la chronique d&rsquo;Olivier Cena dans l&rsquo;\u00e9dition du 16 d\u00e9cembre 2009 de l&rsquo;hebdomadaire <em>T\u00e9l\u00e9rama<\/em> m\u00e9rite d&rsquo;\u00eatre cit\u00e9 :<\/p>\n<p style=\"text-align: justify;\">\u00ab\u00a0L&rsquo;entr\u00e9e en force de l&rsquo;art (requalifi\u00e9 pour l&rsquo;occasion de plastique) dans l&rsquo;industrie culturelle et le d\u00e9veloppement de cette derni\u00e8re cr\u00e9ent de nouveaux app\u00e9tits entra\u00eenant parfois de nouvelles pratiques. On sait les mus\u00e9es arc-bout\u00e9s sur les chiffres de fr\u00e9quentation comme de vulgaires cha\u00eenes de t\u00e9l\u00e9vision, et les expositions de plus en plus spectaculaires et de moins en moins scientifiques qui en d\u00e9coulent. On sait moins les proc\u00e9d\u00e9s plus discutables consistant, pour les institutions les moins fortun\u00e9es, \u00e0 app\u00e2ter l&rsquo;amateur par un titre ronflant et deux ou trois oeuvres vedettes (on pourrait dire, comme au cin\u00e9ma, <em>bankable<\/em>), cachant en r\u00e9alit\u00e9 des manifestations tr\u00e8s modestes.\u00a0\u00bb<\/p>\n<p style=\"text-align: justify;\">On mentionnera \u00e9galement l&rsquo;article consacr\u00e9e par la journaliste Clarisse Fabre (<em>Le Monde<\/em> du 4 d\u00e9cembre 2009) au Centre Georges Pompidou. Un conservateur d\u00e9clare :<\/p>\n<p style=\"text-align: justify;\">\u00ab\u00a0Il y a quelques ann\u00e9es, la r\u00e8gle \u00e9tait que les expositions \u00e0 l&rsquo;\u00e9tranger devaient \u00eatre neutres financi\u00e8rement. D\u00e9sormais, elles doivent rapporter de l&rsquo;argent. D&rsquo;o\u00f9 des op\u00e9rations <em>blockbuster<\/em> au Japon ou en Cor\u00e9e, avec des Matisse et des Picasso pour doper les recettes (&#8230;) Avant, les expositions grand public [au Centre Pompidou] servaient \u00e0 programmer des \u00e9v\u00e9nements plus difficiles d&rsquo;acc\u00e8s, et \u00e0 soutenir des artistes \u00e9mergents. Peu importait, alors, le nombre de visiteurs. Aujourd&rsquo;hui, on nous pose syst\u00e9matiquement la question : quel potentiel d&rsquo;entr\u00e9es ?\u00a0\u00bb<\/p>\n<p style=\"text-align: justify;\">Et vous, qu&rsquo;en pensez-vous ?<\/p>\n","protected":false},"excerpt":{"rendered":"<p>Sous la plume de la journaliste Marion Rousset, le mensuel Regards (n\u00b0 67, d\u00e9cembre 2009) publie un article sur l&rsquo;\u00e9volution de certains grands \u00e9tablissements culturels\u00a0 (http:\/\/www.regards.fr\/archive\/issue\/?id=91). Voici son texte d&rsquo;introduction :\u00a0 \u00ab\u00a0Mus\u00e9es et monuments historiques usent et abusent de pratiques commerciales \u00e9prouv\u00e9es dans le priv\u00e9. Une tendance qui puise aussi sa source dans les contraintes [&hellip;]<\/p>\n","protected":false},"author":2,"featured_media":0,"comment_status":"open","ping_status":"open","sticky":false,"template":"","format":"standard","meta":{"footnotes":""},"categories":[26,4,10,16,13,8],"tags":[],"class_list":["post-1307","post","type-post","status-publish","format-standard","hentry","category-ethique-deontologie","category-expositions","category-management","category-musees","category-patrimoine","category-publications"],"_links":{"self":[{"href":"https:\/\/www.option-culture.com\/index.php?rest_route=\/wp\/v2\/posts\/1307","targetHints":{"allow":["GET"]}}],"collection":[{"href":"https:\/\/www.option-culture.com\/index.php?rest_route=\/wp\/v2\/posts"}],"about":[{"href":"https:\/\/www.option-culture.com\/index.php?rest_route=\/wp\/v2\/types\/post"}],"author":[{"embeddable":true,"href":"https:\/\/www.option-culture.com\/index.php?rest_route=\/wp\/v2\/users\/2"}],"replies":[{"embeddable":true,"href":"https:\/\/www.option-culture.com\/index.php?rest_route=%2Fwp%2Fv2%2Fcomments&post=1307"}],"version-history":[{"count":0,"href":"https:\/\/www.option-culture.com\/index.php?rest_route=\/wp\/v2\/posts\/1307\/revisions"}],"wp:attachment":[{"href":"https:\/\/www.option-culture.com\/index.php?rest_route=%2Fwp%2Fv2%2Fmedia&parent=1307"}],"wp:term":[{"taxonomy":"category","embeddable":true,"href":"https:\/\/www.option-culture.com\/index.php?rest_route=%2Fwp%2Fv2%2Fcategories&post=1307"},{"taxonomy":"post_tag","embeddable":true,"href":"https:\/\/www.option-culture.com\/index.php?rest_route=%2Fwp%2Fv2%2Ftags&post=1307"}],"curies":[{"name":"wp","href":"https:\/\/api.w.org\/{rel}","templated":true}]}}