{"id":1195,"date":"2009-11-17T08:00:55","date_gmt":"2009-11-17T06:00:55","guid":{"rendered":"http:\/\/blog.option.culture.marrot.org\/?p=1195"},"modified":"2009-11-17T08:00:55","modified_gmt":"2009-11-17T06:00:55","slug":"musee-et-cie-globalisation-de-la-culture","status":"publish","type":"post","link":"https:\/\/www.option-culture.com\/?p=1195","title":{"rendered":"Mus\u00e9e et Cie : globalisation de la culture"},"content":{"rendered":"<p style=\"text-align: center;\"><a href=\"http:\/\/blog.option.culture.marrot.org\/wp-content\/uploads\/2009\/11\/Werner.jpg\"><\/a><\/p>\n<p style=\"text-align: justify;\"><a href=\"http:\/\/blog.option.culture.marrot.org\/wp-content\/uploads\/2009\/11\/Tekhn\u00e9.gif\"><\/a><a href=\"http:\/\/blog.option.culture.marrot.org\/wp-content\/uploads\/2009\/11\/Tekhn\u00e91.gif\"><\/a><a href=\"http:\/\/blog.option.culture.marrot.org\/wp-content\/uploads\/2009\/11\/musee_cie.jpg\"><\/a>Le jeudi\u00a026 novembre 2009 de 18h \u00e0 20h,\u00a0la librairie Tekhn\u00ea, 7, rue des Carmes 75005 Paris, t\u00e9l.\u00a0: 01 43 54 70 84 (<a href=\"mailto:tek@club-internet.fr\">tek@club-internet.fr<\/a>), M\u00b0 Maubert-Mutualit\u00e9,\u00a0vous invite \u00e0 la conf\u00e9rence de presse de Paul Werner, \u00e0 l&rsquo;occasion de la\u00a0parution en fran\u00e7ais\u00a0de l&rsquo;ouvrage :<\/p>\n<p align=\"center\"><strong>Mus\u00e9e et C<sup>ie<\/sup>\u00a0: globalisation de la culture<\/strong> (L&rsquo;Harmattan).<span style=\"color: #333399;\">\u00a0<\/span><\/p>\n<p style=\"text-align: center;\"><span style=\"color: #333399;\"><img loading=\"lazy\" decoding=\"async\" class=\"aligncenter\" title=\"musee_cie\" src=\"http:\/\/blog.option.culture.marrot.org\/wp-content\/uploads\/2009\/11\/musee_cie.jpg\" alt=\"musee_cie\" width=\"189\" height=\"302\" \/><\/span><\/p>\n<p style=\"text-align: justify;\"><span style=\"color: #333399;\">Il y a dix ans \u00e0 peine, le capitalisme global semblait invincible, en plein essor. Parall\u00e8lement, le mus\u00e9e Guggenheim s\u2019en pr\u00e9sentait comme la face culturelle, agissant en collaboration \u00e9troite avec les entreprises et les gouvernements mondiaux dans des projets de mus\u00e9e \u00e0 New York, \u00e0 Rio, \u00e0 Salzburg, \u00e0 Guadalajara, \u00e0 Ta\u00efwan, \u00e0 Abu Dhabi. Dix ans plus tard la plupart de ces projets ont \u00e9t\u00e9 abandonn\u00e9s, ou le seront bient\u00f4t. <\/span><\/p>\n<p style=\"text-align: justify;\"><span style=\"color: #333399;\">Dans le pr\u00e9sent ouvrage, publi\u00e9 en anglais en 2006, l\u2019auteur souligne les contradictions et les failles de la vision n\u00e9o-lib\u00e9rale de la culture telles que les promulguait Tom Krens, directeur du Guggenheim \u00e0 l\u2019\u00e9poque.<\/span><\/p>\n<p style=\"text-align: justify;\"><span style=\"color: #333399;\">Mais il ne s\u2019agit pas ici de s\u00e9parer les \u00ab\u00a0bons\u00a0\u00bb mus\u00e9es traditionnels comme le Louvre des \u00ab\u00a0mauvais\u00a0\u00bb mus\u00e9es comme le Guggenheim.<\/span><\/p>\n<p style=\"text-align: justify;\"><span style=\"color: #333399;\">L\u2019auteur \u00e9tend en effet sa critique au syst\u00e8me mus\u00e9al dans son ensemble et, par del\u00e0, \u00e0 la pratique et \u00e0 la pens\u00e9e du capitalisme tout entier dans le domaine de la culture.<\/span><\/p>\n<p style=\"text-align: justify;\"><span style=\"color: #333399;\">Tout comme la crise \u00e9conomique actuelle n\u2019est pas une simple question de quelques \u00ab\u00a0mauvais\u00a0\u00bb traders, la crise culturelle, elle non plus, n\u2019est pas une simple question de gestion, mais une marque profonde de la crise du capitalisme m\u00eame.<\/span><span style=\"color: #333399;\">\u00a0<\/span><\/p>\n<p style=\"text-align: justify;\"><span style=\"color: #333399;\">\u00a0<\/span><em>Paul Werner est titulaire d\u2019un doctorat en histoire de l\u2019art. Exil\u00e9 de France depuis 1968, il enseigne \u00e0 la New York University. Il dirige l\u2019Orange Press, maison d\u2019\u00e9dition alternative, et publie <\/em>WOID\u00a0: a journal of visual language<em>. La suite du pr\u00e9sent ouvrage, <\/em>Museum, Think<em>, para\u00eetra prochainement.<\/em>\u00a0<\/p>\n<p style=\"text-align: center;\"><img loading=\"lazy\" decoding=\"async\" class=\"aligncenter\" title=\"Tekhn\u00e9\" src=\"http:\/\/blog.option.culture.marrot.org\/wp-content\/uploads\/2009\/11\/Tekhn\u00e91.gif\" alt=\"Tekhn\u00e9\" width=\"140\" height=\"112\" \/><\/p>\n<ul>\n<li style=\"text-align: left;\">Contact auteur (Paul Werner)\u00a0: werner@theorangepress.com<\/li>\n<li style=\"text-align: left;\">Contact L&rsquo;Harmattan (Marianne Ravaud)\u00a0: marianne.ravaud@harmattan.fr<\/li>\n<li style=\"text-align: left;\">Contact collection Gestion de la culture\u00a0(Jean-Michel Tobelem) : option.culture@orange.fr<\/li>\n<\/ul>\n<p style=\"text-align: center;\">\u00a0<span style=\"color: #333399;\">\u00a0ISBN : 978-2-296-09996-8\u00a0\u2022\u00a074\u00a0pages\u00a0\u2022\u00a010,5\u00a0\u20ac\u00a0\u2022\u00a0novembre\u00a02009<\/span><\/p>\n","protected":false},"excerpt":{"rendered":"<p>Le jeudi\u00a026 novembre 2009 de 18h \u00e0 20h,\u00a0la librairie Tekhn\u00ea, 7, rue des Carmes 75005 Paris, t\u00e9l.\u00a0: 01 43 54 70 84 (tek@club-internet.fr), M\u00b0 Maubert-Mutualit\u00e9,\u00a0vous invite \u00e0 la conf\u00e9rence de presse de Paul Werner, \u00e0 l&rsquo;occasion de la\u00a0parution en fran\u00e7ais\u00a0de l&rsquo;ouvrage : Mus\u00e9e et Cie\u00a0: globalisation de la culture (L&rsquo;Harmattan).\u00a0 Il y a dix ans [&hellip;]<\/p>\n","protected":false},"author":2,"featured_media":0,"comment_status":"open","ping_status":"open","sticky":false,"template":"","format":"standard","meta":{"footnotes":""},"categories":[16,8,19],"tags":[],"class_list":["post-1195","post","type-post","status-publish","format-standard","hentry","category-musees","category-publications","category-usa"],"_links":{"self":[{"href":"https:\/\/www.option-culture.com\/index.php?rest_route=\/wp\/v2\/posts\/1195","targetHints":{"allow":["GET"]}}],"collection":[{"href":"https:\/\/www.option-culture.com\/index.php?rest_route=\/wp\/v2\/posts"}],"about":[{"href":"https:\/\/www.option-culture.com\/index.php?rest_route=\/wp\/v2\/types\/post"}],"author":[{"embeddable":true,"href":"https:\/\/www.option-culture.com\/index.php?rest_route=\/wp\/v2\/users\/2"}],"replies":[{"embeddable":true,"href":"https:\/\/www.option-culture.com\/index.php?rest_route=%2Fwp%2Fv2%2Fcomments&post=1195"}],"version-history":[{"count":0,"href":"https:\/\/www.option-culture.com\/index.php?rest_route=\/wp\/v2\/posts\/1195\/revisions"}],"wp:attachment":[{"href":"https:\/\/www.option-culture.com\/index.php?rest_route=%2Fwp%2Fv2%2Fmedia&parent=1195"}],"wp:term":[{"taxonomy":"category","embeddable":true,"href":"https:\/\/www.option-culture.com\/index.php?rest_route=%2Fwp%2Fv2%2Fcategories&post=1195"},{"taxonomy":"post_tag","embeddable":true,"href":"https:\/\/www.option-culture.com\/index.php?rest_route=%2Fwp%2Fv2%2Ftags&post=1195"}],"curies":[{"name":"wp","href":"https:\/\/api.w.org\/{rel}","templated":true}]}}