{"id":1109,"date":"2009-11-22T08:00:18","date_gmt":"2009-11-22T06:00:18","guid":{"rendered":"http:\/\/blog.option.culture.marrot.org\/?p=1109"},"modified":"2009-11-22T08:00:18","modified_gmt":"2009-11-22T06:00:18","slug":"new-museum-new-york","status":"publish","type":"post","link":"https:\/\/www.option-culture.com\/?p=1109","title":{"rendered":"New Museum, New York"},"content":{"rendered":"<p style=\"text-align: justify;\"><a href=\"http:\/\/blog.option.culture.marrot.org\/wp-content\/uploads\/2009\/11\/NewMuseum1.jpg\"><\/a><a href=\"http:\/\/blog.option.culture.marrot.org\/wp-content\/uploads\/2009\/11\/Sensation.gif\"><\/a>Un article de Deborah Sontag et de Robin Pogrebin paru dans le <em>New York Times<\/em> du 11 novembre 2009 attire l\u2019attention sur l\u2019un des dangers qui guettent les mus\u00e9es \u00e0 pr\u00e9sent, et peut-\u00eatre plus encore \u00e0 l\u2019avenir, comme un rappel de la fameuse exposition \u00ab\u00a0Sensation\u00a0\u00bb du mus\u00e9e d\u2019art de Brooklyn qui avait d\u00e9j\u00e0 soulev\u00e9 une vive controverse.<\/p>\n<p style=\"text-align: justify;\">Les faits sont les suivants\u00a0:<\/p>\n<ul style=\"text-align: justify;\">\n<li>Le <em>New Museum<\/em> de New York, un espace d\u2019art contemporain qui ne poss\u00e8de pas de collection permanente, a d\u00e9cid\u00e9 de pr\u00e9senter une exposition d\u2019\u0153uvres issues de la collection de l\u2019un des plus importants collectionneurs d\u2019art contemporain dans le monde, le grec Dakis Joannou (du 3 mars au 6 juin 2010).<\/li>\n<li>Ce dernier se trouve \u00eatre par ailleurs l\u2019un des administrateurs (<em>trustee<\/em>) du mus\u00e9e.<\/li>\n<li>Enfin, le commissariat de l\u2019exposition est confi\u00e9 \u00e0 l\u2019artiste Jeff Koons, dont le chef d\u2019entreprise grec, l\u2019un de ses plus anciens et importants acheteurs, poss\u00e8de de tr\u00e8s nombreuses \u0153uvres.<\/li>\n<\/ul>\n<p style=\"text-align: center;\"><img loading=\"lazy\" decoding=\"async\" title=\"Sensation\" src=\"http:\/\/blog.option.culture.marrot.org\/wp-content\/uploads\/2009\/11\/Sensation.gif\" alt=\"Sensation\" width=\"200\" height=\"156\" \/><\/p>\n<p style=\"text-align: justify;\">Voil\u00e0 ainsi r\u00e9unies un ensemble de circonstances troublantes.<\/p>\n<p style=\"text-align: justify;\">Selon l\u2019association am\u00e9ricaine des mus\u00e9es (AAM) en effet, plusieurs crit\u00e8res devraient conduire \u00e0 s\u2019interroger\u00a0:<\/p>\n<ul style=\"text-align: justify;\">\n<li>lorsqu\u2019une exposition est consacr\u00e9e \u00e0 un seul collectionneur,<\/li>\n<li>lorsqu\u2019un membre du conseil d\u2019administration du mus\u00e9e (<em>trustee<\/em>) est concern\u00e9,<\/li>\n<li>lorsque le commissariat est confi\u00e9 \u00e0 une personne ext\u00e9rieure \u00e0 l\u2019institution.<\/li>\n<\/ul>\n<p style=\"text-align: justify;\">On ajoutera, ainsi qu\u2019y insiste judicieusement Lee Rosenbaum sur son blog (<a href=\"http:\/\/www.artsjournal.com\/culturegrrl\">http:\/\/www.artsjournal.com\/culturegrrl<\/a>), l&rsquo;\u00e9ventuelle\u00a0participation du collectionneur aux frais induits par l\u2019exposition ou l\u2019attribution au mus\u00e9e d\u2019un soutien concomitant \u00e0 l\u2019organisation de celle-ci (comme dans l\u2019exposition Armani il y a quelques ann\u00e9es au mus\u00e9e Guggenheim).<\/p>\n<p style=\"text-align: center;\"><img loading=\"lazy\" decoding=\"async\" class=\"aligncenter\" title=\"NewMuseum\" src=\"http:\/\/blog.option.culture.marrot.org\/wp-content\/uploads\/2009\/11\/NewMuseum1.jpg\" alt=\"NewMuseum\" width=\"180\" height=\"216\" \/><\/p>\n<p style=\"text-align: justify;\">Les trois premiers aspects \u00e9tant r\u00e9unis dans cette affaire (le dernier point n\u2019est pas \u00e9clairci \u00e0 l\u2019heure actuelle), quels sont les points de vue en pr\u00e9sence\u00a0?<\/p>\n<ul style=\"text-align: justify;\">\n<li>Le collectionneur ne voit pas, quant \u00e0 lui, de probl\u00e8me particulier.<\/li>\n<li>La directrice du mus\u00e9e admet que l\u2019on puisse penser \u00e0 un conflit d\u2019int\u00e9r\u00eat.<\/li>\n<li>Certains observateurs soulignent que la pr\u00e9sentation d\u2019\u0153uvres d\u2019art contemporain dans un mus\u00e9e contribue \u00e0 accro\u00eetre leur valeur de march\u00e9.<\/li>\n<li>D\u2019autres mettent en \u00e9vidence un risque concernant l\u2019int\u00e9grit\u00e9 et la r\u00e9putation d\u2019impartialit\u00e9 d\u2019une institution publique.<\/li>\n<li>D\u2019autres encore, \u00e0 l\u2019inverse, n\u2019h\u00e9sitent pas \u00e0 parler d\u2019un nouveau mod\u00e8le de partenariat public-priv\u00e9.<\/li>\n<\/ul>\n<p style=\"text-align: left;\">Sur ce sujet, voir \u00e9galement, de Linda Yablonsky\u00a0: <em>Exhibition raises a potential conflict-of-interest between private collectors and public institutions<\/em> (http:\/\/www.theartnewspaper.com\/articles\/Controversy-over-New-Museum-s-plans-to-show-trustee-s-collection\/19659).<\/p>\n<p style=\"text-align: justify;\">Inutile d\u2019ajouter que la vente d\u2019une \u0153uvre pr\u00e9sent\u00e9e dans l\u2019exposition peu de temps apr\u00e8s serait du plus mauvais effet\u2026<\/p>\n<p style=\"text-align: justify;\">D\u2019apr\u00e8s vous, les mus\u00e9es fran\u00e7ais sont-ils \u00e0 l\u2019abri de probl\u00e8mes d\u00e9ontologiques de cette nature\u00a0?<\/p>\n","protected":false},"excerpt":{"rendered":"<p>Un article de Deborah Sontag et de Robin Pogrebin paru dans le New York Times du 11 novembre 2009 attire l\u2019attention sur l\u2019un des dangers qui guettent les mus\u00e9es \u00e0 pr\u00e9sent, et peut-\u00eatre plus encore \u00e0 l\u2019avenir, comme un rappel de la fameuse exposition \u00ab\u00a0Sensation\u00a0\u00bb du mus\u00e9e d\u2019art de Brooklyn qui avait d\u00e9j\u00e0 soulev\u00e9 une [&hellip;]<\/p>\n","protected":false},"author":2,"featured_media":0,"comment_status":"open","ping_status":"open","sticky":false,"template":"","format":"standard","meta":{"footnotes":""},"categories":[26,4,18,16,19],"tags":[],"class_list":["post-1109","post","type-post","status-publish","format-standard","hentry","category-ethique-deontologie","category-expositions","category-marche-de-lart","category-musees","category-usa"],"_links":{"self":[{"href":"https:\/\/www.option-culture.com\/index.php?rest_route=\/wp\/v2\/posts\/1109","targetHints":{"allow":["GET"]}}],"collection":[{"href":"https:\/\/www.option-culture.com\/index.php?rest_route=\/wp\/v2\/posts"}],"about":[{"href":"https:\/\/www.option-culture.com\/index.php?rest_route=\/wp\/v2\/types\/post"}],"author":[{"embeddable":true,"href":"https:\/\/www.option-culture.com\/index.php?rest_route=\/wp\/v2\/users\/2"}],"replies":[{"embeddable":true,"href":"https:\/\/www.option-culture.com\/index.php?rest_route=%2Fwp%2Fv2%2Fcomments&post=1109"}],"version-history":[{"count":0,"href":"https:\/\/www.option-culture.com\/index.php?rest_route=\/wp\/v2\/posts\/1109\/revisions"}],"wp:attachment":[{"href":"https:\/\/www.option-culture.com\/index.php?rest_route=%2Fwp%2Fv2%2Fmedia&parent=1109"}],"wp:term":[{"taxonomy":"category","embeddable":true,"href":"https:\/\/www.option-culture.com\/index.php?rest_route=%2Fwp%2Fv2%2Fcategories&post=1109"},{"taxonomy":"post_tag","embeddable":true,"href":"https:\/\/www.option-culture.com\/index.php?rest_route=%2Fwp%2Fv2%2Ftags&post=1109"}],"curies":[{"name":"wp","href":"https:\/\/api.w.org\/{rel}","templated":true}]}}