{"id":1087,"date":"2009-11-15T08:00:56","date_gmt":"2009-11-15T06:00:56","guid":{"rendered":"http:\/\/blog.option.culture.marrot.org\/?p=1087"},"modified":"2009-11-15T08:00:56","modified_gmt":"2009-11-15T06:00:56","slug":"quelles-nouvelles-du-victoria-albert-museum-de-londres","status":"publish","type":"post","link":"https:\/\/www.option-culture.com\/?p=1087","title":{"rendered":"Quelles nouvelles du Victoria &amp; Albert Museum de Londres ?"},"content":{"rendered":"<p style=\"text-align: justify;\"><em><a href=\"https:\/\/www.option-culture.com\/wp-content\/uploads\/2009\/11\/VA.jpg\"><\/a>Les d\u00e9fis contemporains<\/em><\/p>\n<p style=\"text-align: justify;\">La revue <em>L\u2019Estampille-L\u2019objet d\u2019art<\/em> (<a href=\"http:\/\/www.estampille-objetdart.com\/\">www.estampille-objetdart.com<\/a>) propose dans son \u00e9dition de novembre 2009 (n\u00b0 451) un entretien avec le directeur du mus\u00e9e Victoria &amp; Albert (V&amp;A), Mark Jones. Cet \u00e9tablissement londonien cr\u00e9\u00e9 en 1837 est l\u2019un des plus importants mus\u00e9es d\u2019arts d\u00e9coratifs, d\u2019arts appliqu\u00e9s et de design au monde.<\/p>\n<p style=\"text-align: justify;\">\u00c0 l\u2019\u00e9poque de sa cr\u00e9ation, il s\u2019agissait de rem\u00e9dier au \u00ab\u00a0foss\u00e9 entre la pauvret\u00e9 du design de la Grande-Bretagne et l\u2019avance technologique de ses manufactures\u00a0\u00bb\u00a0: voil\u00e0 qui \u00e9voque des enjeux tr\u00e8s contemporains sur les industries cr\u00e9atives.<\/p>\n<p style=\"text-align: justify;\">Le directeur du V&amp;A ne dit-il pas du reste \u00ab\u00a0nous pensons qu\u2019un design cr\u00e9atif est tr\u00e8s important pour le futur de la Grande-Bretagne\u00a0\u00bb\u00a0? Actuellement autofinanc\u00e9 \u00e0 hauteur de 45%, le mus\u00e9e craint toutefois que le montant des subventions publiques ne se r\u00e9duise \u00e0 l\u2019avenir\u2026<\/p>\n<p style=\"text-align: center;\"><img loading=\"lazy\" decoding=\"async\" class=\"aligncenter\" title=\"V&amp;A\" src=\"https:\/\/www.option-culture.com\/wp-content\/uploads\/2009\/11\/VA.jpg\" alt=\"V&amp;A\" width=\"171\" height=\"86\" \/><\/p>\n<p style=\"text-align: justify;\"><em>La gratuit\u00e9<\/em><\/p>\n<p style=\"text-align: justify;\">L\u2019entr\u00e9e au mus\u00e9e est gratuite depuis toujours, \u00e0 l\u2019exception d\u2019une parenth\u00e8se de 7 ans entre 1995 et 2001, ce qui se con\u00e7oit en particulier en raison de sa mission \u00e9ducative.<\/p>\n<p style=\"text-align: justify;\">D\u2019apr\u00e8s Mark Jones, avec le r\u00e9tablissement de la gratuit\u00e9, \u00ab\u00a0le nombre de visiteurs a doubl\u00e9 depuis, passant de 1 million \u00e0 plus de 2\u00a0\u00bb\u00a0! Il ajoute\u00a0: \u00ab\u00a0La gratuit\u00e9, \u00e0 mes yeux, est fondamentale.\u00a0\u00bb Ces derni\u00e8res ann\u00e9es d\u2019ailleurs, m\u00eame d\u2019une fa\u00e7on qui reste limit\u00e9e, la diversit\u00e9 sociale et ethnique des visiteurs s\u2019est am\u00e9lior\u00e9e.<\/p>\n<p style=\"text-align: justify;\">Voil\u00e0 qui devrait alimenter les r\u00e9flexions des opposants \u00e0 la gratuit\u00e9 des mus\u00e9es et de ceux qui parlent d\u2019un \u00e9chec de cette mesure en Grande-Bretagne.<\/p>\n<p style=\"text-align: justify;\"><em>L\u2019internationalisation<\/em><\/p>\n<p style=\"text-align: justify;\">Le directeur du V&amp;A indique enfin que les expositions organis\u00e9es par le mus\u00e9e hors de la Grande-Bretagne (Australie, Hong-Kong, pays arabes, Canada, \u00c9tats-Unis, Japon, Europe\u2026) \u00ab\u00a0ont accueilli 2,7 millions de visiteurs\u00a0\u00bb en une ann\u00e9e, soit autant que dans les murs du mus\u00e9e londonien\u00a0!<\/p>\n<p style=\"text-align: justify;\">L\u2019ambition du mus\u00e9e est ainsi affirm\u00e9e\u00a0: \u00ab\u00a0Faire penser \u00e0 lui comme \u00e0 un centre du design incontournable pour comprendre l\u2019histoire et le pr\u00e9sent.\u00a0\u00bb<\/p>\n<p style=\"text-align: justify;\">Cela appelle-t-il des remarques de votre part\u00a0?<\/p>\n","protected":false},"excerpt":{"rendered":"<p>Les d\u00e9fis contemporains La revue L\u2019Estampille-L\u2019objet d\u2019art (www.estampille-objetdart.com) propose dans son \u00e9dition de novembre 2009 (n\u00b0 451) un entretien avec le directeur du mus\u00e9e Victoria &amp; Albert (V&amp;A), Mark Jones. Cet \u00e9tablissement londonien cr\u00e9\u00e9 en 1837 est l\u2019un des plus importants mus\u00e9es d\u2019arts d\u00e9coratifs, d\u2019arts appliqu\u00e9s et de design au monde. \u00c0 l\u2019\u00e9poque de sa [&hellip;]<\/p>\n","protected":false},"author":2,"featured_media":0,"comment_status":"open","ping_status":"open","sticky":false,"template":"","format":"standard","meta":{"footnotes":""},"categories":[16,23,24,14],"tags":[],"class_list":["post-1087","post","type-post","status-publish","format-standard","hentry","category-musees","category-publics","category-strategie","category-tarification-gratuite"],"_links":{"self":[{"href":"https:\/\/www.option-culture.com\/index.php?rest_route=\/wp\/v2\/posts\/1087","targetHints":{"allow":["GET"]}}],"collection":[{"href":"https:\/\/www.option-culture.com\/index.php?rest_route=\/wp\/v2\/posts"}],"about":[{"href":"https:\/\/www.option-culture.com\/index.php?rest_route=\/wp\/v2\/types\/post"}],"author":[{"embeddable":true,"href":"https:\/\/www.option-culture.com\/index.php?rest_route=\/wp\/v2\/users\/2"}],"replies":[{"embeddable":true,"href":"https:\/\/www.option-culture.com\/index.php?rest_route=%2Fwp%2Fv2%2Fcomments&post=1087"}],"version-history":[{"count":0,"href":"https:\/\/www.option-culture.com\/index.php?rest_route=\/wp\/v2\/posts\/1087\/revisions"}],"wp:attachment":[{"href":"https:\/\/www.option-culture.com\/index.php?rest_route=%2Fwp%2Fv2%2Fmedia&parent=1087"}],"wp:term":[{"taxonomy":"category","embeddable":true,"href":"https:\/\/www.option-culture.com\/index.php?rest_route=%2Fwp%2Fv2%2Fcategories&post=1087"},{"taxonomy":"post_tag","embeddable":true,"href":"https:\/\/www.option-culture.com\/index.php?rest_route=%2Fwp%2Fv2%2Ftags&post=1087"}],"curies":[{"name":"wp","href":"https:\/\/api.w.org\/{rel}","templated":true}]}}