{"id":1060,"date":"2009-11-08T08:00:44","date_gmt":"2009-11-08T06:00:44","guid":{"rendered":"http:\/\/blog.option.culture.marrot.org\/?p=1060"},"modified":"2009-11-08T08:00:44","modified_gmt":"2009-11-08T06:00:44","slug":"grandes-expositions","status":"publish","type":"post","link":"https:\/\/www.option-culture.com\/?p=1060","title":{"rendered":"Grandes expositions"},"content":{"rendered":"<p style=\"text-align: justify;\"><a href=\"http:\/\/blog.option.culture.marrot.org\/wp-content\/uploads\/2009\/11\/Mediapart.jpeg\"><\/a>\u00ab\u00a0Accus\u00e9es de d\u00e9rive commerciale : les grandes expositions en question\u00a0\u00bb.<\/p>\n<p style=\"text-align: justify;\">Tel est le titre de l&rsquo;article de Louise Fessard en ligne sur le site de Mediapart<\/p>\n<p style=\"text-align: justify;\">(<a href=\"http:\/\/www.mediapart.fr\/journal\/culture-idees\/201009\/accusees-de-derive-commerciale-les-grandes-expositions-en-question\">http:\/\/www.mediapart.fr\/journal\/culture-idees\/201009\/accusees-de-derive-commerciale-les-grandes-expositions-en-question<\/a>).<\/p>\n<p style=\"text-align: center;\"><img loading=\"lazy\" decoding=\"async\" class=\"aligncenter\" title=\"Mediapart\" src=\"http:\/\/blog.option.culture.marrot.org\/wp-content\/uploads\/2009\/11\/Mediapart.jpeg\" alt=\"Mediapart\" width=\"105\" height=\"76\" \/><\/p>\n<p style=\"text-align: justify;\">La journaliste aborde cinq th\u00e8mes dans son article :<\/p>\n<ul>\n<li>\n<div style=\"text-align: left;\">Exceptionnel ?<\/div>\n<\/li>\n<li>\n<div style=\"text-align: justify;\">Les succ\u00e8s commerciaux ne se font-ils pas au d\u00e9triment de la qualit\u00e9 artistique ?<\/div>\n<\/li>\n<li>\n<div style=\"text-align: justify;\">Que rapportent ces grandes expositions ?<\/div>\n<\/li>\n<li>\n<div style=\"text-align: justify;\">Les grandes expositions attirent-elles un nouveau public dans les mus\u00e9es ?<\/div>\n<\/li>\n<li>\n<p style=\"text-align: left;\">Quels sont les prochains grands \u00e9v\u00e9nements ?<\/p>\n<\/li>\n<\/ul>\n<p style=\"text-align: justify;\">Sur le m\u00eame sujet on pourra lire notre article :<\/p>\n<p style=\"text-align: justify;\">\u00ab\u00a0Les expositions temporaires. Un outil strat\u00e9gique pour les mus\u00e9es\u00a0\u00bb<\/p>\n<p style=\"text-align: justify;\">(<a href=\"http:\/\/www.revue-espaces.com\/carnet\/1287.tobelem_jean-michel.html\">http:\/\/www.revue-espaces.com\/carnet\/1287.tobelem_jean-michel.html<\/a>).<\/p>\n<p style=\"text-align: justify;\">N&rsquo;h\u00e9sitez-pas \u00e0 faire part de vos observations sur la question des grandes expositions.<\/p>\n","protected":false},"excerpt":{"rendered":"<p>\u00ab\u00a0Accus\u00e9es de d\u00e9rive commerciale : les grandes expositions en question\u00a0\u00bb. Tel est le titre de l&rsquo;article de Louise Fessard en ligne sur le site de Mediapart (http:\/\/www.mediapart.fr\/journal\/culture-idees\/201009\/accusees-de-derive-commerciale-les-grandes-expositions-en-question). La journaliste aborde cinq th\u00e8mes dans son article : Exceptionnel ? Les succ\u00e8s commerciaux ne se font-ils pas au d\u00e9triment de la qualit\u00e9 artistique ? Que rapportent ces [&hellip;]<\/p>\n","protected":false},"author":2,"featured_media":0,"comment_status":"open","ping_status":"open","sticky":false,"template":"","format":"standard","meta":{"footnotes":""},"categories":[4,16],"tags":[],"class_list":["post-1060","post","type-post","status-publish","format-standard","hentry","category-expositions","category-musees"],"_links":{"self":[{"href":"https:\/\/www.option-culture.com\/index.php?rest_route=\/wp\/v2\/posts\/1060","targetHints":{"allow":["GET"]}}],"collection":[{"href":"https:\/\/www.option-culture.com\/index.php?rest_route=\/wp\/v2\/posts"}],"about":[{"href":"https:\/\/www.option-culture.com\/index.php?rest_route=\/wp\/v2\/types\/post"}],"author":[{"embeddable":true,"href":"https:\/\/www.option-culture.com\/index.php?rest_route=\/wp\/v2\/users\/2"}],"replies":[{"embeddable":true,"href":"https:\/\/www.option-culture.com\/index.php?rest_route=%2Fwp%2Fv2%2Fcomments&post=1060"}],"version-history":[{"count":0,"href":"https:\/\/www.option-culture.com\/index.php?rest_route=\/wp\/v2\/posts\/1060\/revisions"}],"wp:attachment":[{"href":"https:\/\/www.option-culture.com\/index.php?rest_route=%2Fwp%2Fv2%2Fmedia&parent=1060"}],"wp:term":[{"taxonomy":"category","embeddable":true,"href":"https:\/\/www.option-culture.com\/index.php?rest_route=%2Fwp%2Fv2%2Fcategories&post=1060"},{"taxonomy":"post_tag","embeddable":true,"href":"https:\/\/www.option-culture.com\/index.php?rest_route=%2Fwp%2Fv2%2Ftags&post=1060"}],"curies":[{"name":"wp","href":"https:\/\/api.w.org\/{rel}","templated":true}]}}